{"id":744,"date":"2021-01-07T10:22:40","date_gmt":"2021-01-07T09:22:40","guid":{"rendered":"https:\/\/elexi.fr\/?p=744"},"modified":"2022-01-03T13:16:33","modified_gmt":"2022-01-03T12:16:33","slug":"location-bus-pour-mariage","status":"publish","type":"post","link":"https:\/\/elexi.fr\/pt\/location-bus-pour-mariage\/","title":{"rendered":"Location Bus Mariage"},"content":{"rendered":"<div class=\"wp-block-cover has-background-dim-20 has-background-dim has-background-dim-NaN\" style=\"background-image:url(https:\/\/elexi.fr\/wp-content\/uploads\/2020\/08\/Location-Bus-Mariage.png);background-color:#e8cd80;min-height:527px;background-position:56% 32%\"><div class=\"wp-block-cover__inner-container\">\n<h1 class=\"has-text-align-center has-very-light-gray-color has-text-color\">Pour Mariage Location Bus, Van &amp; Berline pour le transport des invit\u00e9s <\/h1>\n\n\n\n<h1 class=\"has-text-align-center has-very-light-gray-color has-text-color\">Sur nos agences \u00e0 Bordeaux, Paris, Lyon, Marseille\u2026<\/h1>\n<\/div><\/div>\n\n\n\n<p><\/p>\n\n\n\n<p>Elexi Travel &amp; Event vous propose un large panel de solutions pour la prise en charge des invit\u00e9s votre Jour J&nbsp;: location de bus pour mariage, van invit\u00e9s et navettes invit\u00e9s pour tous types de trajet.&nbsp;<br><\/p>\n\n\n\n<p>Une prise en charge ponctuelle ou tout au long de la journ\u00e9e pour accompagner les mari\u00e9s&nbsp;et leurs invit\u00e9s !&nbsp;<\/p>\n\n\n\n<p>D\u00e8s l\u2019a\u00e9roport ou la gare, <strong>du lieu de r\u00e9ception<\/strong> aux <strong>lieux d\u2019h\u00e9bergement<\/strong> en passant par <strong>le(s) lieu(x) de la c\u00e9r\u00e9monie<\/strong>, de jour ou de nuit, Elexi vous propose ses services sur mesure pour la location bus mariage de vos invit\u00e9s en toute s\u00e9curit\u00e9&nbsp;!<\/p>\n\n\n\n<p><\/p>\n\n\n\n<div class=\"wp-block-button aligncenter\"><a class=\"wp-block-button__link has-background\" href=\"https:\/\/nebulea.eu\/forms\/609576fea38140d7e5c3f784\" style=\"border-radius:24px;background-color:#003f45\">Demandez un devis sur-mesure<\/a><\/div>\n\n\n\n<h2 class=\"has-text-color\" style=\"color:#003f45\"><br>Elexi s\u2019adapte \u00e0 vos besoins et vous propose plusieurs types de prestation&nbsp;et plusieurs dispositifs :<\/h2>\n\n\n\n<p class=\"has-text-align-center\"><strong>Budget maitris\u00e9 avec Elexi !<\/strong><\/p>\n\n\n\n<p class=\"has-text-align-center has-text-color\" style=\"color:#e8cd80\">&#8212;&#8212;&#8212;-<\/p>\n\n\n\n<div class=\"wp-block-image\"><figure class=\"aligncenter\"><img src=\"https:\/\/cdn1.mariages.net\/img\/badges\/2021\/badge-weddingawards_fr_FR.jpg\" alt=\"Elexi Travel &amp; Event, gagnant Wedding Awards 2021 Mariages.net\"\/><\/figure><\/div>\n\n\n\n<div style=\"height:38px\" aria-hidden=\"true\" class=\"wp-block-spacer\"><\/div>\n\n\n\n<div class=\"wp-block-group\"><div class=\"wp-block-group__inner-container\">\n<figure class=\"wp-block-gallery columns-3 is-cropped\"><ul class=\"blocks-gallery-grid\"><li class=\"blocks-gallery-item\"><figure><img loading=\"lazy\" width=\"1024\" height=\"702\" src=\"https:\/\/elexi.fr\/wp-content\/uploads\/2020\/08\/Location-Bus-Mariage-1024x702.png\" alt=\"Bus pour mariage location avec chauffeur\" data-id=\"755\" data-full-url=\"https:\/\/elexi.fr\/wp-content\/uploads\/2020\/08\/Location-Bus-Mariage.png\" data-link=\"https:\/\/elexi.fr\/location-bus-pour-mariage\/location-bus-mariage\/\" class=\"wp-image-755\" srcset=\"https:\/\/elexi.fr\/wp-content\/uploads\/2020\/08\/Location-Bus-Mariage-1024x702.png 1024w, https:\/\/elexi.fr\/wp-content\/uploads\/2020\/08\/Location-Bus-Mariage-300x206.png 300w, https:\/\/elexi.fr\/wp-content\/uploads\/2020\/08\/Location-Bus-Mariage-768x527.png 768w, https:\/\/elexi.fr\/wp-content\/uploads\/2020\/08\/Location-Bus-Mariage-1536x1053.png 1536w, https:\/\/elexi.fr\/wp-content\/uploads\/2020\/08\/Location-Bus-Mariage-2048x1404.png 2048w\" sizes=\"(max-width: 1024px) 100vw, 1024px\" \/><figcaption class=\"blocks-gallery-item__caption\">Louer bus mariage Bordeaux &amp; France<\/figcaption><\/figure><\/li><li class=\"blocks-gallery-item\"><figure><img loading=\"lazy\" width=\"1024\" height=\"768\" src=\"https:\/\/elexi.fr\/wp-content\/uploads\/2020\/08\/IMG_5-min-1024x768.jpeg\" alt=\"Van invit\u00e9s - location van 8 places pour mariage\" data-id=\"751\" data-full-url=\"https:\/\/elexi.fr\/wp-content\/uploads\/2020\/08\/IMG_5-min-scaled.jpeg\" data-link=\"https:\/\/elexi.fr\/location-bus-pour-mariage\/img_5-min\/\" class=\"wp-image-751\" srcset=\"https:\/\/elexi.fr\/wp-content\/uploads\/2020\/08\/IMG_5-min-1024x768.jpeg 1024w, https:\/\/elexi.fr\/wp-content\/uploads\/2020\/08\/IMG_5-min-300x225.jpeg 300w, https:\/\/elexi.fr\/wp-content\/uploads\/2020\/08\/IMG_5-min-768x576.jpeg 768w, https:\/\/elexi.fr\/wp-content\/uploads\/2020\/08\/IMG_5-min-1536x1152.jpeg 1536w, https:\/\/elexi.fr\/wp-content\/uploads\/2020\/08\/IMG_5-min-2048x1536.jpeg 2048w\" sizes=\"(max-width: 1024px) 100vw, 1024px\" \/><figcaption class=\"blocks-gallery-item__caption\">Van invit\u00e9s &#8211; location van 8 places pour mariage<\/figcaption><\/figure><\/li><li class=\"blocks-gallery-item\"><figure><img loading=\"lazy\" width=\"1024\" height=\"768\" src=\"https:\/\/elexi.fr\/wp-content\/uploads\/2020\/08\/IMG_1559-1024x768.jpg\" alt=\"Location Bus &amp; Berline Mariage\" data-id=\"749\" data-full-url=\"https:\/\/elexi.fr\/wp-content\/uploads\/2020\/08\/IMG_1559-scaled.jpg\" data-link=\"https:\/\/elexi.fr\/location-bus-pour-mariage\/img_1559\/\" class=\"wp-image-749\" srcset=\"https:\/\/elexi.fr\/wp-content\/uploads\/2020\/08\/IMG_1559-1024x768.jpg 1024w, https:\/\/elexi.fr\/wp-content\/uploads\/2020\/08\/IMG_1559-300x225.jpg 300w, https:\/\/elexi.fr\/wp-content\/uploads\/2020\/08\/IMG_1559-768x576.jpg 768w, https:\/\/elexi.fr\/wp-content\/uploads\/2020\/08\/IMG_1559-1536x1152.jpg 1536w, https:\/\/elexi.fr\/wp-content\/uploads\/2020\/08\/IMG_1559-2048x1536.jpg 2048w\" sizes=\"(max-width: 1024px) 100vw, 1024px\" \/><figcaption class=\"blocks-gallery-item__caption\">Location Bus &amp; Berline Mariage<\/figcaption><\/figure><\/li><li class=\"blocks-gallery-item\"><figure><img loading=\"lazy\" width=\"1024\" height=\"576\" src=\"https:\/\/elexi.fr\/wp-content\/uploads\/2020\/08\/vlcsnap-2020-07-03-11h41m04s863-1024x576.jpg\" alt=\"Van 7 places pour location bus mariage\" data-id=\"748\" data-full-url=\"https:\/\/elexi.fr\/wp-content\/uploads\/2020\/08\/vlcsnap-2020-07-03-11h41m04s863-scaled.jpg\" data-link=\"https:\/\/elexi.fr\/location-bus-pour-mariage\/vlcsnap-2020-07-03-11h41m04s863\/\" class=\"wp-image-748\" srcset=\"https:\/\/elexi.fr\/wp-content\/uploads\/2020\/08\/vlcsnap-2020-07-03-11h41m04s863-1024x576.jpg 1024w, https:\/\/elexi.fr\/wp-content\/uploads\/2020\/08\/vlcsnap-2020-07-03-11h41m04s863-300x169.jpg 300w, https:\/\/elexi.fr\/wp-content\/uploads\/2020\/08\/vlcsnap-2020-07-03-11h41m04s863-768x432.jpg 768w, https:\/\/elexi.fr\/wp-content\/uploads\/2020\/08\/vlcsnap-2020-07-03-11h41m04s863-1536x864.jpg 1536w, https:\/\/elexi.fr\/wp-content\/uploads\/2020\/08\/vlcsnap-2020-07-03-11h41m04s863-2048x1152.jpg 2048w\" sizes=\"(max-width: 1024px) 100vw, 1024px\" \/><figcaption class=\"blocks-gallery-item__caption\">Van 7 places pour location bus mariage<\/figcaption><\/figure><\/li><li class=\"blocks-gallery-item\"><figure><img loading=\"lazy\" width=\"1024\" height=\"576\" src=\"https:\/\/elexi.fr\/wp-content\/uploads\/2020\/08\/vlcsnap-2020-07-03-12h07m03s097-1024x576.jpg\" alt=\"Bus bordeaux mariage location\" data-id=\"747\" data-full-url=\"https:\/\/elexi.fr\/wp-content\/uploads\/2020\/08\/vlcsnap-2020-07-03-12h07m03s097-scaled.jpg\" data-link=\"https:\/\/elexi.fr\/location-bus-pour-mariage\/vlcsnap-2020-07-03-12h07m03s097\/\" class=\"wp-image-747\" srcset=\"https:\/\/elexi.fr\/wp-content\/uploads\/2020\/08\/vlcsnap-2020-07-03-12h07m03s097-1024x576.jpg 1024w, https:\/\/elexi.fr\/wp-content\/uploads\/2020\/08\/vlcsnap-2020-07-03-12h07m03s097-300x169.jpg 300w, https:\/\/elexi.fr\/wp-content\/uploads\/2020\/08\/vlcsnap-2020-07-03-12h07m03s097-768x432.jpg 768w, https:\/\/elexi.fr\/wp-content\/uploads\/2020\/08\/vlcsnap-2020-07-03-12h07m03s097-1536x864.jpg 1536w, https:\/\/elexi.fr\/wp-content\/uploads\/2020\/08\/vlcsnap-2020-07-03-12h07m03s097-2048x1152.jpg 2048w\" sizes=\"(max-width: 1024px) 100vw, 1024px\" \/><figcaption class=\"blocks-gallery-item__caption\">Location bus mariage prix<\/figcaption><\/figure><\/li><li class=\"blocks-gallery-item\"><figure><img loading=\"lazy\" width=\"1024\" height=\"576\" src=\"https:\/\/elexi.fr\/wp-content\/uploads\/2020\/08\/vlcsnap-2020-07-03-12h06m09s642-1024x576.jpg\" alt=\"Louer un bus pour un mariage\" data-id=\"746\" data-full-url=\"https:\/\/elexi.fr\/wp-content\/uploads\/2020\/08\/vlcsnap-2020-07-03-12h06m09s642-scaled.jpg\" data-link=\"https:\/\/elexi.fr\/location-bus-pour-mariage\/vlcsnap-2020-07-03-12h06m09s642\/\" class=\"wp-image-746\" srcset=\"https:\/\/elexi.fr\/wp-content\/uploads\/2020\/08\/vlcsnap-2020-07-03-12h06m09s642-1024x576.jpg 1024w, https:\/\/elexi.fr\/wp-content\/uploads\/2020\/08\/vlcsnap-2020-07-03-12h06m09s642-300x169.jpg 300w, https:\/\/elexi.fr\/wp-content\/uploads\/2020\/08\/vlcsnap-2020-07-03-12h06m09s642-768x432.jpg 768w, https:\/\/elexi.fr\/wp-content\/uploads\/2020\/08\/vlcsnap-2020-07-03-12h06m09s642-1536x864.jpg 1536w, https:\/\/elexi.fr\/wp-content\/uploads\/2020\/08\/vlcsnap-2020-07-03-12h06m09s642-2048x1152.jpg 2048w\" sizes=\"(max-width: 1024px) 100vw, 1024px\" \/><figcaption class=\"blocks-gallery-item__caption\">Louer bus mariage \u00e0 Bordeaux<\/figcaption><\/figure><\/li><\/ul><\/figure>\n\n\n\n<h2 class=\"has-text-align-center\">Location Bus Mariage <strong>Prix<\/strong><br><strong>Bus &amp; Van pour navettes invit\u00e9s de jour et de nuit<\/strong><\/h2>\n\n\n\n<p class=\"has-text-align-center\">Pour louer un bus pour un mariage ou des navettes (van et\/ou berline), envoyez nous votre demande de devis. Chaque mariage est diff\u00e9rent et n\u00e9cessite un devis sur mesure. Nous nous engageons \u00e0 vous r\u00e9pondre en moins d\u2019une heure. <em><strong><br><\/strong><\/em><br>La location bus&nbsp;mariage prix est&nbsp;\u00e0 partir de 400 \u20ac.<br><br>La location van&nbsp;mariage prix&nbsp;commence \u00e0 partir de 200 \u20ac.<br><br>La location berline&nbsp;mariage prix&nbsp;d\u00e9bute \u00e0 partir de 100 \u20ac.<\/p>\n\n\n\n<p class=\"has-text-align-center\"><br><\/p>\n\n\n\n<div class=\"wp-block-button aligncenter\"><a class=\"wp-block-button__link has-background\" href=\"https:\/\/nebulea.eu\/forms\/609576fea38140d7e5c3f784\" style=\"border-radius:24px;background-color:#003f45\">Demander un devis<\/a><\/div>\n<\/div><\/div>\n\n\n\n<p class=\"has-text-color has-medium-font-size\" style=\"color:#003f45\"><strong>Location de bus pour mariage<\/strong><\/p>\n\n\n\n<p>La garantie de ponctualit\u00e9 pour \u00eatre accompagn\u00e9 par vos invit\u00e9s tout au long de votre journ\u00e9e \u2013 Une prise en charge compl\u00e8te pour conduire les invit\u00e9s aux diff\u00e9rents lieux&nbsp;: c\u00e9r\u00e9monie(s), s\u00e9ance photo, r\u00e9ception, h\u00e9bergements\u2026<\/p>\n\n\n\n<p class=\"has-text-align-center has-text-color\" style=\"color:#e8cd80\">&#8212;&#8212;&#8212;-<\/p>\n\n\n\n<p class=\"has-text-color has-medium-font-size\" style=\"color:#003f45\"><strong>Location de bus &amp; van<\/strong><\/p>\n\n\n\n<p>Une solution id\u00e9ale pour permettre de transporter l\u2019ensemble des invit\u00e9s et offrir de la flexibilit\u00e9 sur les horaires de d\u00e9part.&nbsp;Les navettes invit\u00e9s, flexibles et efficaces.<\/p>\n\n\n\n<p class=\"has-text-align-center has-text-color\" style=\"color:#e8cd80\">&#8212;&#8212;&#8212;-<\/p>\n\n\n\n<p class=\"has-text-color has-medium-font-size\" style=\"color:#003f45\"><strong>Location de van &amp; berline<\/strong><\/p>\n\n\n\n<p>Apporter de la flexibilit\u00e9 \u00e0 vos invit\u00e9s en proposant des rotations \u00e9chelonn\u00e9es une partie de la nuit afin de leur permettre de choisir librement leur heure de d\u00e9part.&nbsp;<\/p>\n\n\n\n<p class=\"has-text-align-center has-text-color\" style=\"color:#e8cd80\">&#8212;&#8212;&#8212;-<\/p>\n\n\n\n<p class=\"has-text-color has-medium-font-size\" style=\"color:#003f45\">Voici quelques uns de nos dispositifs mis en place &#8211; Une \u00e9quipe au top pour vous.<\/p>\n\n\n\n<blockquote class=\"wp-block-quote is-style-default\"><p>Pour notre mariage au <a href=\"https:\/\/chateau-larmande.fr\/\">ch\u00e2teau Larmande<\/a> \u00e0 Saint Emilion et nos 150 invit\u00e9s \u00e0 ramener dans les hotels et gites alentours, nous avons fait appel \u00e0 Elexi pour des <strong>navettes de nuit<\/strong>. Des rotations r\u00e9guli\u00e8res&nbsp;en van et berline pendant 4 heures ont permis \u00e0 nos invit\u00e9s de ne pas attendre et de partir \u00e0 l\u2019heure souhait\u00e9e. Le lendemain, nous avons <strong>lou\u00e9 un bus avec chauffeur <\/strong>que tous nos invit\u00e9s ont \u00e9t\u00e9 ramen\u00e9s \u00e0 la salle de r\u00e9ception pour le brunch et r\u00e9cup\u00e9rer les voitures. Un service sur mesure \u00e9labor\u00e9 rapidement et des chauffeurs disponibles et souriants pour assurer le transport en toute s\u00e9curit\u00e9 de nos invit\u00e9s. Le prix \u00e9tait \u00e9tonnamment honn\u00eate donc je recommande largement ce dispositif.<\/p><cite>Charlotte &amp; Vincent, mariage du 14 septembre 2019.<\/cite><\/blockquote>\n\n\n\n<blockquote class=\"wp-block-quote\"><p>Nous nous sommes mari\u00e9s au <a href=\"https:\/\/www.grattequina.com\/fr\/\">ch\u00e2teau Grattequina<\/a> aux portes de Bordeaux, nous avions besoin de <strong>louer bus mariage bordeaux.<\/strong> Apr\u00e8s avoir discut\u00e9 avec plusieurs compagnies, Camille a su nous apporter le dispositif optimal. En pleine crise du Covid-19, nous avons \u00e9t\u00e9 rassur\u00e9s par la communication et la disponibilit\u00e9 de toute l\u2019\u00e9quipe ainsi que le strict respect des mesures sanitaires.&nbsp; L\u2019\u00e9quipe s\u2019est adapt\u00e9e aux modifications dues \u00e0 la crise. Vous pouvez y aller les yeux ferm\u00e9s&nbsp;!<\/p><cite>Lorraine &amp; Hughes, mariage du 25 juillet 2020<\/cite><\/blockquote>\n\n\n\n<div class=\"wp-block-image\"><figure class=\"aligncenter size-large is-resized\"><img loading=\"lazy\" src=\"https:\/\/elexi.fr\/wp-content\/uploads\/2020\/03\/Arbre-2-1024x1024.png\" alt=\"\" class=\"wp-image-260\" width=\"89\" height=\"89\"\/><\/figure><\/div>\n\n\n\n<p><\/p>\n\n\n\n<div class=\"wp-block-media-text alignwide is-stacked-on-mobile is-image-fill\"><figure class=\"wp-block-media-text__media\" style=\"background-image:url(https:\/\/elexi.fr\/wp-content\/uploads\/2020\/08\/IMG_1559-1024x768.jpg);background-position:45.16129032258064% 51.22699386503068%\"><img loading=\"lazy\" width=\"1024\" height=\"768\" src=\"https:\/\/elexi.fr\/wp-content\/uploads\/2020\/08\/IMG_1559-1024x768.jpg\" alt=\"Location Bus &amp; Berline Mariage\" class=\"wp-image-749 size-full\" srcset=\"https:\/\/elexi.fr\/wp-content\/uploads\/2020\/08\/IMG_1559-1024x768.jpg 1024w, https:\/\/elexi.fr\/wp-content\/uploads\/2020\/08\/IMG_1559-300x225.jpg 300w, https:\/\/elexi.fr\/wp-content\/uploads\/2020\/08\/IMG_1559-768x576.jpg 768w, https:\/\/elexi.fr\/wp-content\/uploads\/2020\/08\/IMG_1559-1536x1152.jpg 1536w, https:\/\/elexi.fr\/wp-content\/uploads\/2020\/08\/IMG_1559-2048x1536.jpg 2048w\" sizes=\"(max-width: 1024px) 100vw, 1024px\" \/><\/figure><div class=\"wp-block-media-text__content\">\n<p><\/p>\n\n\n\n<h2 class=\"has-text-align-center\"><strong>Location bus mariage<\/strong><\/h2>\n\n\n\n<p><\/p>\n\n\n\n<div class=\"wp-block-button aligncenter\"><a class=\"wp-block-button__link has-background\" href=\"https:\/\/nebulea.eu\/forms\/609576fea38140d7e5c3f784\" style=\"border-radius:24px;background-color:#003f45\">Demander un devis<\/a><\/div>\n<\/div><\/div>\n\n\n\n<p><\/p>\n\n\n\n<div class=\"wp-block-image\"><figure class=\"aligncenter size-large is-resized\"><img loading=\"lazy\" src=\"https:\/\/elexi.fr\/wp-content\/uploads\/2020\/03\/Arbre-2-1024x1024.png\" alt=\"\" class=\"wp-image-260\" width=\"89\" height=\"89\"\/><\/figure><\/div>\n\n\n\n<div style=\"height:62px\" aria-hidden=\"true\" class=\"wp-block-spacer\"><\/div>\n\n\n\n<div class=\"wp-block-group\"><div class=\"wp-block-group__inner-container\"><\/div><\/div>\n\n\n\n<div class=\"wp-block-group\"><div class=\"wp-block-group__inner-container\">\n<div style=\"height:75px\" aria-hidden=\"true\" class=\"wp-block-spacer\"><\/div>\n\n\n\n<div class=\"wp-block-cover has-background-dim\" style=\"background-image:url(https:\/\/elexi.fr\/wp-content\/uploads\/2020\/03\/X_mari\u00e9e.png)\"><div class=\"wp-block-cover__inner-container\">\n<p class=\"has-text-align-center has-large-font-size\">Autre prestation propos\u00e9e : la Tesla des Mari\u00e9s.<\/p>\n<\/div><\/div>\n\n\n\n<div style=\"height:68px\" aria-hidden=\"true\" class=\"wp-block-spacer\"><\/div>\n\n\n\n<div class=\"wp-block-button aligncenter\"><a class=\"wp-block-button__link has-background\" href=\"https:\/\/elexi.fr\/pt\/aluguel-tesla-com-condutor-casamento\/\" style=\"border-radius:24px;background-color:#003f45\">En savoir plus pour la Tesla des Mari\u00e9s<\/a><\/div>\n\n\n\n<div style=\"height:119px\" aria-hidden=\"true\" class=\"wp-block-spacer\"><\/div>\n\n\n\n<div class=\"schema-faq wp-block-yoast-faq-block\"><div class=\"schema-faq-section\" id=\"faq-question-1610203678328\"><strong class=\"schema-faq-question\">\ud83d\udcb8 Comment co\u00fbte une location de bus pour mariage ? <\/strong> <p class=\"schema-faq-answer\">En moyenne pour conduire vos invit\u00e9s \u00e0 un mariage, il faut compter entre 300 et 500 \u20ac. Plusieurs param\u00e8tres rentrent en compte, Elexi Travel &amp; Event vous fait un devis sur-mesure tr\u00e8s rapidement.<\/p> <\/div> <div class=\"schema-faq-section\" id=\"faq-question-1610205577426\"><strong class=\"schema-faq-question\">\ud83d\ude8c Combien de personnes dans un bus pour mariage ? <\/strong> <p class=\"schema-faq-answer\">Un van peut transporter 8 passagers, un mini-bus jusqu&rsquo;\u00e0 20 passagers et les bus classiques jusqu&rsquo;\u00e0 63 personnes. Elexi vous apporte la solution id\u00e9ale selon vos besoins et votre budget.<\/p> <\/div> <div class=\"schema-faq-section\" id=\"faq-question-1610205742283\"><strong class=\"schema-faq-question\">\ud83c\udf19 Combien co\u00fbte un bus pour navettes de nuits ? <\/strong> <p class=\"schema-faq-answer\">Id\u00e9alement, il est pr\u00e9f\u00e9rable de faire plusieurs aller-retours avec un ou plusieurs vans afin de permettre \u00e0 chacun de profiter de la soir\u00e9e de mariage.<\/p> <\/div> <\/div>\n\n\n\n<p>Nos autres services pour vous transporter partout en France :<\/p>\n\n\n\n<ul><li class=\" translation-block\">Service de <a href=\"https:\/\/elexi.fr\/chauffeur-taxi-vtc-gare-aeroport\/\" target=\"_self\">chauffeur taxi\/VTC standard<\/a> en v\u00e9hicule \u00e9lectrique<\/li><li class=\" translation-block\">Des <a href=\"https:\/\/elexi.fr\/chauffeur-prive-tesla\/\" target=\"_self\">chauffeurs priv\u00e9s haut-de-gamme<\/a> en Tesla<\/li><li class=\" translation-block\">D\u2019<a href=\"https:\/\/elexi.fr\/circuit-touristique-vignobles-chateaux-france\/\" target=\"_self\">autres destinations<\/a> partout en France pour votre s\u00e9jour touristique<\/li><li class=\" translation-block\">Location de<a href=\"https:\/\/elexi.fr\/location-voiture-electrique-et-tesla\/\" target=\"_self\"> voiture \u00e9lectrique<\/a><\/li><\/ul>\n<\/div><\/div>\n\n\n\n<p><\/p>","protected":false},"excerpt":{"rendered":"<p>Elexi Travel &amp; Event vous propose un large panel de solutions pour la prise en charge des invit\u00e9s votre Jour J&nbsp;: location de bus pour mariage, van invit\u00e9s et navettes invit\u00e9s pour tous types de trajet.&nbsp; Une prise en charge ponctuelle ou tout au long de la journ\u00e9e pour accompagner les mari\u00e9s&nbsp;et leurs invit\u00e9s !&nbsp; &hellip;<\/p>\n<p class=\"read-more\"> <a class=\"\" href=\"https:\/\/elexi.fr\/pt\/location-bus-pour-mariage\/\"> <span class=\"screen-reader-text\">Location Bus Mariage<\/span> Leia mais &raquo;<\/a><\/p>","protected":false},"author":1,"featured_media":755,"comment_status":"closed","ping_status":"closed","sticky":false,"template":"","format":"standard","meta":{"_monsterinsights_skip_tracking":false,"_monsterinsights_sitenote_active":false,"_monsterinsights_sitenote_note":"","_monsterinsights_sitenote_category":0},"categories":[4],"tags":[],"yoast_head":"<!-- This site is optimized with the Yoast SEO plugin v17.8 - https:\/\/yoast.com\/wordpress\/plugins\/seo\/ -->\n<title>\ud83d\ude8c Location Bus Mariage Louer bus &amp; van invit\u00e9s - Bordeaux &amp; Gironde<\/title>\n<meta name=\"description\" content=\"Id\u00e9al pour transporter les invit\u00e9s de jour et de nuit, location de bus pour mariage \u00e0 Bordeaux et Gironde. Louer avec chauffeur van et bus.\" \/>\n<meta name=\"robots\" content=\"index, follow, max-snippet:-1, max-image-preview:large, max-video-preview:-1\" \/>\n<link rel=\"canonical\" href=\"https:\/\/elexi.fr\/location-bus-pour-mariage\/\" \/>\n<meta property=\"og:locale\" content=\"pt_BR\" \/>\n<meta property=\"og:type\" content=\"article\" \/>\n<meta property=\"og:title\" content=\"\ud83d\ude8c Location Bus Mariage Louer bus &amp; van invit\u00e9s - Bordeaux &amp; Gironde\" \/>\n<meta property=\"og:description\" content=\"Id\u00e9al pour transporter les invit\u00e9s de jour et de nuit, location de bus pour mariage \u00e0 Bordeaux et Gironde. Louer avec chauffeur van et bus.\" \/>\n<meta property=\"og:url\" content=\"https:\/\/elexi.fr\/location-bus-pour-mariage\/\" \/>\n<meta property=\"og:site_name\" content=\"Elexi\" \/>\n<meta property=\"article:publisher\" content=\"https:\/\/www.facebook.com\/elexi.bdx\/\" \/>\n<meta property=\"article:published_time\" content=\"2021-01-07T09:22:40+00:00\" \/>\n<meta property=\"article:modified_time\" content=\"2022-01-03T12:16:33+00:00\" \/>\n<meta property=\"og:image\" content=\"https:\/\/elexi.fr\/wp-content\/uploads\/2020\/08\/Location-Bus-Mariage-1024x702.png\" \/>\n\t<meta property=\"og:image:width\" content=\"1024\" \/>\n\t<meta property=\"og:image:height\" content=\"702\" \/>\n<meta name=\"twitter:label1\" content=\"Escrito por\" \/>\n\t<meta name=\"twitter:data1\" content=\"admin4355\" \/>\n\t<meta name=\"twitter:label2\" content=\"Est. tempo de leitura\" \/>\n\t<meta name=\"twitter:data2\" content=\"4 minutos\" \/>\n<script type=\"application\/ld+json\" class=\"yoast-schema-graph\">{\"@context\":\"https:\/\/schema.org\",\"@graph\":[{\"@type\":\"Organization\",\"@id\":\"https:\/\/elexi.fr\/#organization\",\"name\":\"Elexi\",\"url\":\"https:\/\/elexi.fr\/\",\"sameAs\":[\"https:\/\/www.facebook.com\/elexi.bdx\/\",\"https:\/\/instagram.com\/elexi.travel.event\",\"https:\/\/www.linkedin.com\/company\/11209084\/\"],\"logo\":{\"@type\":\"ImageObject\",\"@id\":\"https:\/\/elexi.fr\/#logo\",\"inLanguage\":\"pt-BR\",\"url\":\"https:\/\/elexi.fr\/wp-content\/uploads\/2020\/02\/Elexi-blanc.png\",\"contentUrl\":\"https:\/\/elexi.fr\/wp-content\/uploads\/2020\/02\/Elexi-blanc.png\",\"width\":4213,\"height\":1538,\"caption\":\"Elexi\"},\"image\":{\"@id\":\"https:\/\/elexi.fr\/#logo\"}},{\"@type\":\"WebSite\",\"@id\":\"https:\/\/elexi.fr\/#website\",\"url\":\"https:\/\/elexi.fr\/\",\"name\":\"Elexi\",\"description\":\"Agences d&#039;\\u00e9co-mobilit\\u00e9\",\"publisher\":{\"@id\":\"https:\/\/elexi.fr\/#organization\"},\"potentialAction\":[{\"@type\":\"SearchAction\",\"target\":{\"@type\":\"EntryPoint\",\"urlTemplate\":\"https:\/\/elexi.fr\/?s={search_term_string}\"},\"query-input\":\"required name=search_term_string\"}],\"inLanguage\":\"pt-BR\"},{\"@type\":\"ImageObject\",\"@id\":\"https:\/\/elexi.fr\/location-bus-pour-mariage\/#primaryimage\",\"inLanguage\":\"pt-BR\",\"url\":\"https:\/\/elexi.fr\/wp-content\/uploads\/2020\/08\/Location-Bus-Mariage.png\",\"contentUrl\":\"https:\/\/elexi.fr\/wp-content\/uploads\/2020\/08\/Location-Bus-Mariage.png\",\"width\":2118,\"height\":1452,\"caption\":\"Louer bus mariage bordeaux\"},{\"@type\":[\"WebPage\",\"FAQPage\"],\"@id\":\"https:\/\/elexi.fr\/location-bus-pour-mariage\/#webpage\",\"url\":\"https:\/\/elexi.fr\/location-bus-pour-mariage\/\",\"name\":\"\\ud83d\\ude8c Location Bus Mariage Louer bus & van invit\\u00e9s - Bordeaux & Gironde\",\"isPartOf\":{\"@id\":\"https:\/\/elexi.fr\/#website\"},\"primaryImageOfPage\":{\"@id\":\"https:\/\/elexi.fr\/location-bus-pour-mariage\/#primaryimage\"},\"datePublished\":\"2021-01-07T09:22:40+00:00\",\"dateModified\":\"2022-01-03T12:16:33+00:00\",\"description\":\"Id\\u00e9al pour transporter les invit\\u00e9s de jour et de nuit, location de bus pour mariage \\u00e0 Bordeaux et Gironde. Louer avec chauffeur van et bus.\",\"breadcrumb\":{\"@id\":\"https:\/\/elexi.fr\/location-bus-pour-mariage\/#breadcrumb\"},\"mainEntity\":[{\"@id\":\"https:\/\/elexi.fr\/location-bus-pour-mariage\/#faq-question-1610203678328\"},{\"@id\":\"https:\/\/elexi.fr\/location-bus-pour-mariage\/#faq-question-1610205577426\"},{\"@id\":\"https:\/\/elexi.fr\/location-bus-pour-mariage\/#faq-question-1610205742283\"}],\"inLanguage\":\"pt-BR\",\"potentialAction\":[{\"@type\":\"ReadAction\",\"target\":[\"https:\/\/elexi.fr\/location-bus-pour-mariage\/\"]}]},{\"@type\":\"BreadcrumbList\",\"@id\":\"https:\/\/elexi.fr\/location-bus-pour-mariage\/#breadcrumb\",\"itemListElement\":[{\"@type\":\"ListItem\",\"position\":1,\"name\":\"Accueil\",\"item\":\"https:\/\/elexi.fr\/\"},{\"@type\":\"ListItem\",\"position\":2,\"name\":\"Location Bus Mariage\"}]},{\"@type\":\"Article\",\"@id\":\"https:\/\/elexi.fr\/location-bus-pour-mariage\/#article\",\"isPartOf\":{\"@id\":\"https:\/\/elexi.fr\/location-bus-pour-mariage\/#webpage\"},\"author\":{\"@id\":\"https:\/\/elexi.fr\/#\/schema\/person\/c0480c09b25541db4d3933e525aa0c71\"},\"headline\":\"Location Bus Mariage\",\"datePublished\":\"2021-01-07T09:22:40+00:00\",\"dateModified\":\"2022-01-03T12:16:33+00:00\",\"mainEntityOfPage\":{\"@id\":\"https:\/\/elexi.fr\/location-bus-pour-mariage\/#webpage\"},\"wordCount\":822,\"publisher\":{\"@id\":\"https:\/\/elexi.fr\/#organization\"},\"image\":{\"@id\":\"https:\/\/elexi.fr\/location-bus-pour-mariage\/#primaryimage\"},\"thumbnailUrl\":\"https:\/\/elexi.fr\/wp-content\/uploads\/2020\/08\/Location-Bus-Mariage.png\",\"articleSection\":[\"Elexi Travel &amp; Event\"],\"inLanguage\":\"pt-BR\"},{\"@type\":\"Person\",\"@id\":\"https:\/\/elexi.fr\/#\/schema\/person\/c0480c09b25541db4d3933e525aa0c71\",\"name\":\"admin4355\",\"image\":{\"@type\":\"ImageObject\",\"@id\":\"https:\/\/elexi.fr\/#personlogo\",\"inLanguage\":\"pt-BR\",\"url\":\"https:\/\/secure.gravatar.com\/avatar\/f7342e204cfef93b93cff94a9fcabe9a?s=96&d=mm&r=g\",\"contentUrl\":\"https:\/\/secure.gravatar.com\/avatar\/f7342e204cfef93b93cff94a9fcabe9a?s=96&d=mm&r=g\",\"caption\":\"admin4355\"}},{\"@type\":\"Question\",\"@id\":\"https:\/\/elexi.fr\/location-bus-pour-mariage\/#faq-question-1610203678328\",\"position\":1,\"url\":\"https:\/\/elexi.fr\/location-bus-pour-mariage\/#faq-question-1610203678328\",\"name\":\"\\ud83d\\udcb8 Comment co\\u00fbte une location de bus pour mariage ?\",\"answerCount\":1,\"acceptedAnswer\":{\"@type\":\"Answer\",\"text\":\"En moyenne pour conduire vos invit\\u00e9s \\u00e0 un mariage, il faut compter entre 300 et 500 \\u20ac. Plusieurs param\\u00e8tres rentrent en compte, Elexi Travel &amp; Event vous fait un devis sur-mesure tr\\u00e8s rapidement.\",\"inLanguage\":\"pt-BR\"},\"inLanguage\":\"pt-BR\"},{\"@type\":\"Question\",\"@id\":\"https:\/\/elexi.fr\/location-bus-pour-mariage\/#faq-question-1610205577426\",\"position\":2,\"url\":\"https:\/\/elexi.fr\/location-bus-pour-mariage\/#faq-question-1610205577426\",\"name\":\"\\ud83d\\ude8c Combien de personnes dans un bus pour mariage ?\",\"answerCount\":1,\"acceptedAnswer\":{\"@type\":\"Answer\",\"text\":\"Un van peut transporter 8 passagers, un mini-bus jusqu'\\u00e0 20 passagers et les bus classiques jusqu'\\u00e0 63 personnes. Elexi vous apporte la solution id\\u00e9ale selon vos besoins et votre budget.\",\"inLanguage\":\"pt-BR\"},\"inLanguage\":\"pt-BR\"},{\"@type\":\"Question\",\"@id\":\"https:\/\/elexi.fr\/location-bus-pour-mariage\/#faq-question-1610205742283\",\"position\":3,\"url\":\"https:\/\/elexi.fr\/location-bus-pour-mariage\/#faq-question-1610205742283\",\"name\":\"\\ud83c\\udf19 Combien co\\u00fbte un bus pour navettes de nuits ?\",\"answerCount\":1,\"acceptedAnswer\":{\"@type\":\"Answer\",\"text\":\"Id\\u00e9alement, il est pr\\u00e9f\\u00e9rable de faire plusieurs aller-retours avec un ou plusieurs vans afin de permettre \\u00e0 chacun de profiter de la soir\\u00e9e de mariage.\",\"inLanguage\":\"pt-BR\"},\"inLanguage\":\"pt-BR\"}]}<\/script>\n<!-- \/ Yoast SEO plugin. -->","yoast_head_json":{"title":"\ud83d\ude8c Location Bus Mariage Louer bus & van invit\u00e9s - Bordeaux & Gironde","description":"Id\u00e9al pour transporter les invit\u00e9s de jour et de nuit, location de bus pour mariage \u00e0 Bordeaux et Gironde. Louer avec chauffeur van et bus.","robots":{"index":"index","follow":"follow","max-snippet":"max-snippet:-1","max-image-preview":"max-image-preview:large","max-video-preview":"max-video-preview:-1"},"canonical":"https:\/\/elexi.fr\/location-bus-pour-mariage\/","og_locale":"pt_BR","og_type":"article","og_title":"\ud83d\ude8c Location Bus Mariage Louer bus & van invit\u00e9s - Bordeaux & Gironde","og_description":"Id\u00e9al pour transporter les invit\u00e9s de jour et de nuit, location de bus pour mariage \u00e0 Bordeaux et Gironde. Louer avec chauffeur van et bus.","og_url":"https:\/\/elexi.fr\/location-bus-pour-mariage\/","og_site_name":"Elexi","article_publisher":"https:\/\/www.facebook.com\/elexi.bdx\/","article_published_time":"2021-01-07T09:22:40+00:00","article_modified_time":"2022-01-03T12:16:33+00:00","og_image":[{"width":1024,"height":702,"url":"https:\/\/elexi.fr\/wp-content\/uploads\/2020\/08\/Location-Bus-Mariage-1024x702.png","type":"image\/png"}],"twitter_misc":{"Escrito por":"admin4355","Est. tempo de leitura":"4 minutos"},"schema":{"@context":"https:\/\/schema.org","@graph":[{"@type":"Organization","@id":"https:\/\/elexi.fr\/#organization","name":"Elexi","url":"https:\/\/elexi.fr\/","sameAs":["https:\/\/www.facebook.com\/elexi.bdx\/","https:\/\/instagram.com\/elexi.travel.event","https:\/\/www.linkedin.com\/company\/11209084\/"],"logo":{"@type":"ImageObject","@id":"https:\/\/elexi.fr\/#logo","inLanguage":"pt-BR","url":"https:\/\/elexi.fr\/wp-content\/uploads\/2020\/02\/Elexi-blanc.png","contentUrl":"https:\/\/elexi.fr\/wp-content\/uploads\/2020\/02\/Elexi-blanc.png","width":4213,"height":1538,"caption":"Elexi"},"image":{"@id":"https:\/\/elexi.fr\/#logo"}},{"@type":"WebSite","@id":"https:\/\/elexi.fr\/#website","url":"https:\/\/elexi.fr\/","name":"Elexi","description":"Agences d&#039;\u00e9co-mobilit\u00e9","publisher":{"@id":"https:\/\/elexi.fr\/#organization"},"potentialAction":[{"@type":"SearchAction","target":{"@type":"EntryPoint","urlTemplate":"https:\/\/elexi.fr\/?s={search_term_string}"},"query-input":"required name=search_term_string"}],"inLanguage":"pt-BR"},{"@type":"ImageObject","@id":"https:\/\/elexi.fr\/location-bus-pour-mariage\/#primaryimage","inLanguage":"pt-BR","url":"https:\/\/elexi.fr\/wp-content\/uploads\/2020\/08\/Location-Bus-Mariage.png","contentUrl":"https:\/\/elexi.fr\/wp-content\/uploads\/2020\/08\/Location-Bus-Mariage.png","width":2118,"height":1452,"caption":"Louer bus mariage bordeaux"},{"@type":["WebPage","FAQPage"],"@id":"https:\/\/elexi.fr\/location-bus-pour-mariage\/#webpage","url":"https:\/\/elexi.fr\/location-bus-pour-mariage\/","name":"\ud83d\ude8c Location Bus Mariage Louer bus & van invit\u00e9s - Bordeaux & Gironde","isPartOf":{"@id":"https:\/\/elexi.fr\/#website"},"primaryImageOfPage":{"@id":"https:\/\/elexi.fr\/location-bus-pour-mariage\/#primaryimage"},"datePublished":"2021-01-07T09:22:40+00:00","dateModified":"2022-01-03T12:16:33+00:00","description":"Id\u00e9al pour transporter les invit\u00e9s de jour et de nuit, location de bus pour mariage \u00e0 Bordeaux et Gironde. Louer avec chauffeur van et bus.","breadcrumb":{"@id":"https:\/\/elexi.fr\/location-bus-pour-mariage\/#breadcrumb"},"mainEntity":[{"@id":"https:\/\/elexi.fr\/location-bus-pour-mariage\/#faq-question-1610203678328"},{"@id":"https:\/\/elexi.fr\/location-bus-pour-mariage\/#faq-question-1610205577426"},{"@id":"https:\/\/elexi.fr\/location-bus-pour-mariage\/#faq-question-1610205742283"}],"inLanguage":"pt-BR","potentialAction":[{"@type":"ReadAction","target":["https:\/\/elexi.fr\/location-bus-pour-mariage\/"]}]},{"@type":"BreadcrumbList","@id":"https:\/\/elexi.fr\/location-bus-pour-mariage\/#breadcrumb","itemListElement":[{"@type":"ListItem","position":1,"name":"Accueil","item":"https:\/\/elexi.fr\/"},{"@type":"ListItem","position":2,"name":"Location Bus Mariage"}]},{"@type":"Article","@id":"https:\/\/elexi.fr\/location-bus-pour-mariage\/#article","isPartOf":{"@id":"https:\/\/elexi.fr\/location-bus-pour-mariage\/#webpage"},"author":{"@id":"https:\/\/elexi.fr\/#\/schema\/person\/c0480c09b25541db4d3933e525aa0c71"},"headline":"Location Bus Mariage","datePublished":"2021-01-07T09:22:40+00:00","dateModified":"2022-01-03T12:16:33+00:00","mainEntityOfPage":{"@id":"https:\/\/elexi.fr\/location-bus-pour-mariage\/#webpage"},"wordCount":822,"publisher":{"@id":"https:\/\/elexi.fr\/#organization"},"image":{"@id":"https:\/\/elexi.fr\/location-bus-pour-mariage\/#primaryimage"},"thumbnailUrl":"https:\/\/elexi.fr\/wp-content\/uploads\/2020\/08\/Location-Bus-Mariage.png","articleSection":["Elexi Travel &amp; Event"],"inLanguage":"pt-BR"},{"@type":"Person","@id":"https:\/\/elexi.fr\/#\/schema\/person\/c0480c09b25541db4d3933e525aa0c71","name":"admin4355","image":{"@type":"ImageObject","@id":"https:\/\/elexi.fr\/#personlogo","inLanguage":"pt-BR","url":"https:\/\/secure.gravatar.com\/avatar\/f7342e204cfef93b93cff94a9fcabe9a?s=96&d=mm&r=g","contentUrl":"https:\/\/secure.gravatar.com\/avatar\/f7342e204cfef93b93cff94a9fcabe9a?s=96&d=mm&r=g","caption":"admin4355"}},{"@type":"Question","@id":"https:\/\/elexi.fr\/location-bus-pour-mariage\/#faq-question-1610203678328","position":1,"url":"https:\/\/elexi.fr\/location-bus-pour-mariage\/#faq-question-1610203678328","name":"\ud83d\udcb8 Comment co\u00fbte une location de bus pour mariage ?","answerCount":1,"acceptedAnswer":{"@type":"Answer","text":"En moyenne pour conduire vos invit\u00e9s \u00e0 un mariage, il faut compter entre 300 et 500 \u20ac. Plusieurs param\u00e8tres rentrent en compte, Elexi Travel &amp; Event vous fait un devis sur-mesure tr\u00e8s rapidement.","inLanguage":"pt-BR"},"inLanguage":"pt-BR"},{"@type":"Question","@id":"https:\/\/elexi.fr\/location-bus-pour-mariage\/#faq-question-1610205577426","position":2,"url":"https:\/\/elexi.fr\/location-bus-pour-mariage\/#faq-question-1610205577426","name":"\ud83d\ude8c Combien de personnes dans un bus pour mariage ?","answerCount":1,"acceptedAnswer":{"@type":"Answer","text":"Un van peut transporter 8 passagers, un mini-bus jusqu'\u00e0 20 passagers et les bus classiques jusqu'\u00e0 63 personnes. Elexi vous apporte la solution id\u00e9ale selon vos besoins et votre budget.","inLanguage":"pt-BR"},"inLanguage":"pt-BR"},{"@type":"Question","@id":"https:\/\/elexi.fr\/location-bus-pour-mariage\/#faq-question-1610205742283","position":3,"url":"https:\/\/elexi.fr\/location-bus-pour-mariage\/#faq-question-1610205742283","name":"\ud83c\udf19 Combien co\u00fbte un bus pour navettes de nuits ?","answerCount":1,"acceptedAnswer":{"@type":"Answer","text":"Id\u00e9alement, il est pr\u00e9f\u00e9rable de faire plusieurs aller-retours avec un ou plusieurs vans afin de permettre \u00e0 chacun de profiter de la soir\u00e9e de mariage.","inLanguage":"pt-BR"},"inLanguage":"pt-BR"}]}},"_links":{"self":[{"href":"https:\/\/elexi.fr\/pt\/wp-json\/wp\/v2\/posts\/744"}],"collection":[{"href":"https:\/\/elexi.fr\/pt\/wp-json\/wp\/v2\/posts"}],"about":[{"href":"https:\/\/elexi.fr\/pt\/wp-json\/wp\/v2\/types\/post"}],"author":[{"embeddable":true,"href":"https:\/\/elexi.fr\/pt\/wp-json\/wp\/v2\/users\/1"}],"replies":[{"embeddable":true,"href":"https:\/\/elexi.fr\/pt\/wp-json\/wp\/v2\/comments?post=744"}],"version-history":[{"count":17,"href":"https:\/\/elexi.fr\/pt\/wp-json\/wp\/v2\/posts\/744\/revisions"}],"predecessor-version":[{"id":1071,"href":"https:\/\/elexi.fr\/pt\/wp-json\/wp\/v2\/posts\/744\/revisions\/1071"}],"wp:featuredmedia":[{"embeddable":true,"href":"https:\/\/elexi.fr\/pt\/wp-json\/wp\/v2\/media\/755"}],"wp:attachment":[{"href":"https:\/\/elexi.fr\/pt\/wp-json\/wp\/v2\/media?parent=744"}],"wp:term":[{"taxonomy":"category","embeddable":true,"href":"https:\/\/elexi.fr\/pt\/wp-json\/wp\/v2\/categories?post=744"},{"taxonomy":"post_tag","embeddable":true,"href":"https:\/\/elexi.fr\/pt\/wp-json\/wp\/v2\/tags?post=744"}],"curies":[{"name":"wp","href":"https:\/\/api.w.org\/{rel}","templated":true}]}}