{"id":573,"date":"2021-01-07T12:34:01","date_gmt":"2021-01-07T11:34:01","guid":{"rendered":"https:\/\/elexi.fr\/?p=573"},"modified":"2021-01-14T17:03:24","modified_gmt":"2021-01-14T16:03:24","slug":"chauffeur-prive-paris-versailles","status":"publish","type":"post","link":"https:\/\/elexi.fr\/es\/chauffeur-prive-paris-versailles\/","title":{"rendered":"Chauffeur priv\u00e9 de Paris \u00e0 Versailles"},"content":{"rendered":"<div class=\"wp-block-cover has-background-dim-20 has-background-dim has-background-dim-NaN\" style=\"background-image:url(https:\/\/elexi.fr\/wp-content\/uploads\/2020\/03\/versailles-880359_1280.jpg);background-color:#e8cd80;min-height:527px;background-position:98% 52%\"><div class=\"wp-block-cover__inner-container\">\n<h1 class=\"has-text-align-center has-text-color\" style=\"color:#191919\"><br>Transferts de Paris \u00e0 Versailles en Tesla<\/h1>\n<\/div><\/div>\n\n\n\n<p class=\"has-text-align-center has-text-color has-small-font-size\" style=\"color:#777777\"><em>En moyenne 20 kilom\u00e8tres et 30 minutes de route<\/em><\/p>\n\n\n\n<p class=\"has-very-dark-gray-color has-text-color translation-block\"><br>Vous \u00eates \u00e0 <strong>Paris<\/strong> pour aller \u00e0 Versailles ou au Ch\u00e2teau de Versailles, vous avez besoin d\u2019un chauffeur priv\u00e9 sachant \u00eatre \u00e0 votre \u00e9coute et \u00e0 votre service ? Elexi propose les <strong>transferts entre Paris et Versailles<\/strong> (aller et\/ou retour) en v\u00e9hicule Tesla, luxueux et silencieux, les transferts avec Elexi sont d\u2019un confort incroyable. Nos engagements sont simples :<\/p>\n\n\n\n<ul><li class=\" translation-block\">&gt; Service porte-\u00e0-porte haut-de-gamme de<strong> Paris \u00e0 Versailles<\/strong><\/li><li>&gt; Prix fix\u00e9 \u00e0 l&rsquo;avance<\/li><li>&gt; Paiement s\u00e9curis\u00e9 en ligne ou \u00e0 bord<\/li><li>&gt; Tarif identique \u00e0 l&rsquo;aller et au retour<\/li><li>&gt; Prestation VIP avec chauffeur costume cravate et discr\u00e9tion garantie<\/li><li>&gt; Bouteilles d&rsquo;eau et autres agr\u00e9ments de voyage \u00e0 bord<\/li><\/ul>\n\n\n\n<p class=\"has-text-align-center has-text-color\" style=\"color:#e8cd80\">&#8212;&#8212;&#8212;-<\/p>\n\n\n\n<blockquote class=\"wp-block-quote is-style-default\"><p>Quel lieu incroyable ! Je conseille \u00e0 tout le monde d&rsquo;aller visiter le Ch\u00e2teau de Versailles, c&rsquo;est impressionnant. Le transfert s&rsquo;est tr\u00e8s bien pass\u00e9 depuis le <a href=\"https:\/\/www.shangri-la.com\/paris\/shangrila\/\">Shangri-La Hotel<\/a>. <\/p><cite>Lily et Joe, jeune couple en voyage de noces en France en ao\u00fbt 2019<\/cite><\/blockquote>\n\n\n\n<div class=\"wp-block-button aligncenter\"><a class=\"wp-block-button__link has-background\" href=\"https:\/\/elexi.fr\/es\/booking\/#vip\" style=\"border-radius:24px;background-color:#003f45\">R\u00e9server ou demander un devis sur-mesure<\/a><\/div>\n\n\n\n<h2 class=\"has-text-color\" style=\"color:#003f45\"><br>Comment se passe un transfert entre Paris et Versailles ? <\/h2>\n\n\n\n<p class=\"has-text-align-center has-text-color\" style=\"color:#e8cd80\">&#8212;&#8212;&#8212;-<\/p>\n\n\n\n<p class=\"has-text-color has-medium-font-size translation-block\" style=\"color:#003f45\">Votre <strong>chauffeur priv\u00e9 Elexi<\/strong><\/p>\n\n\n\n<p>Elexi vous propose une prestation de transports premium en Tesla pour <strong>vous d\u00e9placer entre Paris et Versailles<\/strong> (aller et\/ou retour). Votre chauffeur priv\u00e9 en Tesla Model X, Model S ou Model 3 vous accueillera avec une pancarte (gare, a\u00e9roport ou autre). Puis il se charge de mettre vos bagages dans la voiture. Ensuite, il faut compter environ 30 minutes de route. Et, vous voil\u00e0 arriv\u00e9 directement \u00e0 votre <strong>destination \u00e0 Versailles depuis Paris<\/strong>, allez visiter le Ch\u00e2teau de Versailles.  <\/p>\n\n\n\n<p class=\"has-text-align-center has-text-color\" style=\"color:#e8cd80\">&#8212;&#8212;&#8212;-<\/p>\n\n\n\n<p class=\"has-text-color has-medium-font-size translation-block\" style=\"color:#003f45\">Le choix du v\u00e9hicule parmi notre flotte <strong>de Tesla pour 2, 4 et 6 passagers &amp; Mercedes Class V \u2013 8 passagers  <\/strong><\/p>\n\n\n\n<p class=\" translation-block\">Avec Elexi, vous faites le choix d\u2019une exp\u00e9rience au top <strong>d\u00e8s votre prise en charge \u00e0 votre h\u00f4tel ou autre \u00e0 Paris<\/strong>. Une Tesla, voiture berline et SUV 100 % \u00e9lectrique, vous attendra \u00e0 votre arriv\u00e9e pour un transfert magique dans un v\u00e9hicule futuriste et \u00e9pur\u00e9. <br>La <a href=\"http:\/\/tesla.com\/modelx\" target=\"_self\">Tesla Model X<\/a> est surement celle que vous adorerez le plus, avec ses ailes papillons, vous n\u2019en reviendrez pas ! Effet wow garanti !<\/p>\n\n\n\n<p><\/p>\n\n\n\n<div class=\"wp-block-image\"><figure class=\"aligncenter size-large is-resized\"><img loading=\"lazy\" src=\"https:\/\/elexi.fr\/wp-content\/uploads\/2020\/03\/Arbre-2-1024x1024.png\" alt=\"\" class=\"wp-image-260\" width=\"89\" height=\"89\"\/><\/figure><\/div>\n\n\n\n<h2 class=\"has-text-align-center\">Haut-de-gamme : Taxi de Paris \u00e0 Versailles en Tesla Model 3, S ou Tesla Model X<\/h2>\n\n\n\n<div class=\"wp-block-button aligncenter\"><a class=\"wp-block-button__link has-background\" href=\"https:\/\/elexi.fr\/es\/booking\/#vip\" style=\"border-radius:24px;background-color:#003f45\">Simuler le prix \/ R\u00e9server<\/a><\/div>\n\n\n\n<div style=\"height:62px\" aria-hidden=\"true\" class=\"wp-block-spacer\"><\/div>\n\n\n\n<div class=\"wp-block-image\"><figure class=\"aligncenter size-large is-resized\"><img loading=\"lazy\" src=\"https:\/\/elexi.fr\/wp-content\/uploads\/2020\/03\/Arbre-2-1024x1024.png\" alt=\"\" class=\"wp-image-260\" width=\"89\" height=\"89\"\/><\/figure><\/div>\n\n\n\n<div style=\"height:38px\" aria-hidden=\"true\" class=\"wp-block-spacer\"><\/div>\n\n\n\n<div class=\"wp-block-group\"><div class=\"wp-block-group__inner-container\">\n<h2 class=\"has-text-align-center\"><strong>Prix pour les transferts priv\u00e9s de Paris \u00e0 Versailles<\/strong><\/h2>\n\n\n\n<p class=\"has-text-align-center translation-block\">Les prix pour <strong>un transfert de Paris \u00e0 Versailles <\/strong>d\u00e9pendent directement de l\u2019heure et du type de v\u00e9hicule demand\u00e9, nous vous conseillons de faire une simulation via le lien ci-dessus. <br><br>De 1 \u00e0 4 personnes : <strong>\u00e0 partir de 80 \u20ac<\/strong> <br>De 5 \u00e0 6 personnes : <strong>\u00e0 partir de 100 \u20ac <\/strong><br>Pour les groupes de + de 7 personnes : devis sur-mesure<br><br><\/p>\n\n\n\n<div class=\"wp-block-button aligncenter\"><a class=\"wp-block-button__link has-background\" href=\"https:\/\/elexi.fr\/es\/booking\/#vip\" style=\"border-radius:24px;background-color:#003f45\">Demander un devis ou r\u00e9server<\/a><\/div>\n<\/div><\/div>\n\n\n\n<div style=\"height:62px\" aria-hidden=\"true\" class=\"wp-block-spacer\"><\/div>\n\n\n\n<div class=\"wp-block-group\"><div class=\"wp-block-group__inner-container\">\n<h3>Foire aux questions pour un transfert de Paris \u00e0 Versailles<\/h3>\n\n\n\n<div class=\"schema-faq wp-block-yoast-faq-block\"><div class=\"schema-faq-section\" id=\"faq-question-1584720644131\"><strong class=\"schema-faq-question\">How to book a transfer from Paris to Versailles?<\/strong> <p class=\"schema-faq-answer\">Take advantage of a door-to-door service from Paris to Versailles Castel, train stations or wherever your need. Our service avoids stress and for more simplicity, a private driver will bring you in a top-of-the-range Tesla vehicle or a Mercedes van.<br\/>Book it directly via the link at the top of our website or here: <a href=\"https:\/\/elexi.fr\/es\/booking\/#vip\">booking<\/a> <\/p> <\/div> <div class=\"schema-faq-section\" id=\"faq-question-1584720667235\"><strong class=\"schema-faq-question\"><strong>Why is it good to get a private transfer between Paris and Versailles?<\/strong><\/strong> <p class=\"schema-faq-answer\">Versailles is 20 kilometers away from Paris, to get there you can take a bus or a train. However, you will need to change several times and that will take you a lot of time. A private taxi is preferable because it will allow you to be at your hotel very quickly. <\/p> <\/div> <div class=\"schema-faq-section\" id=\"faq-question-1584728960158\"><strong class=\"schema-faq-question\">Is it possible to book the round trip for a small group?<\/strong> <p class=\"schema-faq-answer\">Yes! <br\/>We offer transfers in a Tesla sedan, ideal for a couple or a family or a small group of people up to 6 passengers. We can, of course, offer other cars for groups of up to 8 or 10 people. <br\/>If you book the round trip you can enjoy a Tesla during both transfers.  <\/p> <\/div> <div class=\"schema-faq-section\" id=\"faq-question-1584875728177\"><strong class=\"schema-faq-question\">Is there a bus or a train between Paris and Versailles?<\/strong> <p class=\"schema-faq-answer\">Yes, but it is not the solution we recommend if you want comfort, flexibility, and service.<\/p> <\/div> <div class=\"schema-faq-section\" id=\"faq-question-1584876625997\"><strong class=\"schema-faq-question\">What is the best way to go between Paris to Versailles?<\/strong> <p class=\"schema-faq-answer\">With a private driver in a Tesla sedan who drives you between these two beautiful cities at any adresses (airports, train stations, and wherever). <\/p> <\/div> <div class=\"schema-faq-section\" id=\"faq-question-1584876162228\"><strong class=\"schema-faq-question\">Can we cancel the private transfers with Elexi from Paris to Versailles?<\/strong> <p class=\"schema-faq-answer\">Cancellation of transfers with Elexi is free up to 1 week before departure, otherwise, we keep 75% of the amount paid.  <\/p> <\/div> <\/div>\n<\/div><\/div>\n\n\n\n<div class=\"wp-block-group\"><div class=\"wp-block-group__inner-container\">\n<div style=\"height:75px\" aria-hidden=\"true\" class=\"wp-block-spacer\"><\/div>\n\n\n\n<div class=\"wp-block-button aligncenter\"><a class=\"wp-block-button__link has-background\" href=\"https:\/\/elexi.fr\/es\/booking\/#vip\" style=\"border-radius:24px;background-color:#003f45\">Demander un devis<\/a><\/div>\n\n\n\n<div style=\"height:119px\" aria-hidden=\"true\" class=\"wp-block-spacer\"><\/div>\n\n\n\n<p>Nos autres services pour vous transporter partout en France :<\/p>\n\n\n\n<ul><li class=\" translation-block\">Service de <a href=\"https:\/\/elexi.fr\/chauffeur-taxi-vtc-gare-aeroport\/\" target=\"_self\">chauffeur taxi\/VTC standard<\/a> en v\u00e9hicule \u00e9lectrique<\/li><li class=\" translation-block\">Des <a href=\"https:\/\/elexi.fr\/chauffeur-prive-tesla\/\" target=\"_self\">chauffeurs priv\u00e9s haut-de-gamme<\/a> en Tesla<\/li><li class=\" translation-block\">D\u2019<a href=\"https:\/\/elexi.fr\/circuit-touristique-vignobles-chateaux-france\/\" target=\"_self\">autres destinations<\/a> partout en France pour votre s\u00e9jour touristique<\/li><li class=\" translation-block\">Location de<a href=\"https:\/\/elexi.fr\/location-voiture-electrique-et-tesla\/\" target=\"_self\"> voiture \u00e9lectrique<\/a><\/li><\/ul>\n<\/div><\/div>\n\n\n\n<p><\/p>","protected":false},"excerpt":{"rendered":"<p>En moyenne 20 kilom\u00e8tres et 30 minutes de route Vous \u00eates \u00e0 Paris pour aller \u00e0 Versailles ou au Ch\u00e2teau de Versailles, vous avez besoin d&rsquo;un chauffeur priv\u00e9 sachant \u00eatre \u00e0 votre \u00e9coute et \u00e0 votre service ? Elexi propose les transferts entre Paris et Versailles (aller et\/ou retour) en v\u00e9hicule Tesla, luxueux et silencieux, &hellip;<\/p>\n<p class=\"read-more\"> <a class=\"\" href=\"https:\/\/elexi.fr\/es\/chauffeur-prive-paris-versailles\/\"> <span class=\"screen-reader-text\">Chauffeur priv\u00e9 de Paris \u00e0 Versailles<\/span> Leer m\u00e1s &raquo;<\/a><\/p>","protected":false},"author":1,"featured_media":577,"comment_status":"closed","ping_status":"closed","sticky":false,"template":"","format":"standard","meta":{"_monsterinsights_skip_tracking":false,"_monsterinsights_sitenote_active":false,"_monsterinsights_sitenote_note":"","_monsterinsights_sitenote_category":0},"categories":[5],"tags":[],"yoast_head":"<!-- This site is optimized with the Yoast SEO plugin v17.8 - https:\/\/yoast.com\/wordpress\/plugins\/seo\/ -->\n<title>\ud83c\udff0 Transfert en Tesla de Paris \u00e0 Versailles - Confort, tranquilit\u00e9 et prix<\/title>\n<meta name=\"description\" content=\"Vous allez \u00e0 Versailles ? Prenez un transfert priv\u00e9 depuis votre adresse Paris vers Versailles pour une exp\u00e9rience sans faille et un confort haut-de-gamme.\" \/>\n<meta name=\"robots\" content=\"index, follow, max-snippet:-1, max-image-preview:large, max-video-preview:-1\" \/>\n<link rel=\"canonical\" href=\"https:\/\/elexi.fr\/en\/paris-to-versailles\/\" \/>\n<meta property=\"og:locale\" content=\"es_ES\" \/>\n<meta property=\"og:type\" content=\"article\" \/>\n<meta property=\"og:title\" content=\"\ud83c\udff0 Transfert en Tesla de Paris \u00e0 Versailles - Confort, tranquilit\u00e9 et prix\" \/>\n<meta property=\"og:description\" content=\"Vous allez \u00e0 Versailles ? Prenez un transfert priv\u00e9 depuis votre adresse Paris vers Versailles pour une exp\u00e9rience sans faille et un confort haut-de-gamme.\" \/>\n<meta property=\"og:url\" content=\"https:\/\/elexi.fr\/en\/paris-to-versailles\/\" \/>\n<meta property=\"og:site_name\" content=\"Elexi\" \/>\n<meta property=\"article:publisher\" content=\"https:\/\/www.facebook.com\/elexi.bdx\/\" \/>\n<meta property=\"article:published_time\" content=\"2021-01-07T11:34:01+00:00\" \/>\n<meta property=\"article:modified_time\" content=\"2021-01-14T16:03:24+00:00\" \/>\n<meta property=\"og:image\" content=\"https:\/\/elexi.fr\/wp-content\/uploads\/2020\/03\/versailles-880359_1280.jpg\" \/>\n\t<meta property=\"og:image:width\" content=\"1280\" \/>\n\t<meta property=\"og:image:height\" content=\"721\" \/>\n<meta name=\"twitter:label1\" content=\"Escrito por\" \/>\n\t<meta name=\"twitter:data1\" content=\"admin4355\" \/>\n\t<meta name=\"twitter:label2\" content=\"Tiempo de lectura\" \/>\n\t<meta name=\"twitter:data2\" content=\"4 minutos\" \/>\n<script type=\"application\/ld+json\" class=\"yoast-schema-graph\">{\"@context\":\"https:\/\/schema.org\",\"@graph\":[{\"@type\":\"Organization\",\"@id\":\"https:\/\/elexi.fr\/#organization\",\"name\":\"Elexi\",\"url\":\"https:\/\/elexi.fr\/\",\"sameAs\":[\"https:\/\/www.facebook.com\/elexi.bdx\/\",\"https:\/\/instagram.com\/elexi.travel.event\",\"https:\/\/www.linkedin.com\/company\/11209084\/\"],\"logo\":{\"@type\":\"ImageObject\",\"@id\":\"https:\/\/elexi.fr\/#logo\",\"inLanguage\":\"es\",\"url\":\"https:\/\/elexi.fr\/wp-content\/uploads\/2020\/02\/Elexi-blanc.png\",\"contentUrl\":\"https:\/\/elexi.fr\/wp-content\/uploads\/2020\/02\/Elexi-blanc.png\",\"width\":4213,\"height\":1538,\"caption\":\"Elexi\"},\"image\":{\"@id\":\"https:\/\/elexi.fr\/#logo\"}},{\"@type\":\"WebSite\",\"@id\":\"https:\/\/elexi.fr\/#website\",\"url\":\"https:\/\/elexi.fr\/\",\"name\":\"Elexi\",\"description\":\"Agences d&#039;\\u00e9co-mobilit\\u00e9\",\"publisher\":{\"@id\":\"https:\/\/elexi.fr\/#organization\"},\"potentialAction\":[{\"@type\":\"SearchAction\",\"target\":{\"@type\":\"EntryPoint\",\"urlTemplate\":\"https:\/\/elexi.fr\/?s={search_term_string}\"},\"query-input\":\"required name=search_term_string\"}],\"inLanguage\":\"es\"},{\"@type\":\"ImageObject\",\"@id\":\"https:\/\/elexi.fr\/en\/paris-to-versailles\/#primaryimage\",\"inLanguage\":\"es\",\"url\":\"https:\/\/elexi.fr\/wp-content\/uploads\/2020\/03\/versailles-880359_1280.jpg\",\"contentUrl\":\"https:\/\/elexi.fr\/wp-content\/uploads\/2020\/03\/versailles-880359_1280.jpg\",\"width\":1280,\"height\":721,\"caption\":\"Transfer from Paris to Versailles\"},{\"@type\":[\"WebPage\",\"FAQPage\"],\"@id\":\"https:\/\/elexi.fr\/en\/paris-to-versailles\/#webpage\",\"url\":\"https:\/\/elexi.fr\/en\/paris-to-versailles\/\",\"name\":\"\\ud83c\\udff0 Transfert en Tesla de Paris \\u00e0 Versailles - Confort, tranquilit\\u00e9 et prix\",\"isPartOf\":{\"@id\":\"https:\/\/elexi.fr\/#website\"},\"primaryImageOfPage\":{\"@id\":\"https:\/\/elexi.fr\/en\/paris-to-versailles\/#primaryimage\"},\"datePublished\":\"2021-01-07T11:34:01+00:00\",\"dateModified\":\"2021-01-14T16:03:24+00:00\",\"description\":\"Vous allez \\u00e0 Versailles ? Prenez un transfert priv\\u00e9 depuis votre adresse Paris vers Versailles pour une exp\\u00e9rience sans faille et un confort haut-de-gamme.\",\"breadcrumb\":{\"@id\":\"https:\/\/elexi.fr\/en\/paris-to-versailles\/#breadcrumb\"},\"mainEntity\":[{\"@id\":\"https:\/\/elexi.fr\/en\/paris-to-versailles\/#faq-question-1584720644131\"},{\"@id\":\"https:\/\/elexi.fr\/en\/paris-to-versailles\/#faq-question-1584720667235\"},{\"@id\":\"https:\/\/elexi.fr\/en\/paris-to-versailles\/#faq-question-1584728960158\"},{\"@id\":\"https:\/\/elexi.fr\/en\/paris-to-versailles\/#faq-question-1584875728177\"},{\"@id\":\"https:\/\/elexi.fr\/en\/paris-to-versailles\/#faq-question-1584876625997\"},{\"@id\":\"https:\/\/elexi.fr\/en\/paris-to-versailles\/#faq-question-1584876162228\"}],\"inLanguage\":\"es\",\"potentialAction\":[{\"@type\":\"ReadAction\",\"target\":[\"https:\/\/elexi.fr\/en\/paris-to-versailles\/\"]}]},{\"@type\":\"BreadcrumbList\",\"@id\":\"https:\/\/elexi.fr\/en\/paris-to-versailles\/#breadcrumb\",\"itemListElement\":[{\"@type\":\"ListItem\",\"position\":1,\"name\":\"Accueil\",\"item\":\"https:\/\/elexi.fr\/\"},{\"@type\":\"ListItem\",\"position\":2,\"name\":\"Chauffeur priv\\u00e9 de Paris \\u00e0 Versailles\"}]},{\"@type\":\"Article\",\"@id\":\"https:\/\/elexi.fr\/en\/paris-to-versailles\/#article\",\"isPartOf\":{\"@id\":\"https:\/\/elexi.fr\/en\/paris-to-versailles\/#webpage\"},\"author\":{\"@id\":\"https:\/\/elexi.fr\/#\/schema\/person\/c0480c09b25541db4d3933e525aa0c71\"},\"headline\":\"Chauffeur priv\\u00e9 de Paris \\u00e0 Versailles\",\"datePublished\":\"2021-01-07T11:34:01+00:00\",\"dateModified\":\"2021-01-14T16:03:24+00:00\",\"mainEntityOfPage\":{\"@id\":\"https:\/\/elexi.fr\/en\/paris-to-versailles\/#webpage\"},\"wordCount\":761,\"publisher\":{\"@id\":\"https:\/\/elexi.fr\/#organization\"},\"image\":{\"@id\":\"https:\/\/elexi.fr\/en\/paris-to-versailles\/#primaryimage\"},\"thumbnailUrl\":\"https:\/\/elexi.fr\/wp-content\/uploads\/2020\/03\/versailles-880359_1280.jpg\",\"articleSection\":[\"Elexi Driver\"],\"inLanguage\":\"es\"},{\"@type\":\"Person\",\"@id\":\"https:\/\/elexi.fr\/#\/schema\/person\/c0480c09b25541db4d3933e525aa0c71\",\"name\":\"admin4355\",\"image\":{\"@type\":\"ImageObject\",\"@id\":\"https:\/\/elexi.fr\/#personlogo\",\"inLanguage\":\"es\",\"url\":\"https:\/\/secure.gravatar.com\/avatar\/f7342e204cfef93b93cff94a9fcabe9a?s=96&d=mm&r=g\",\"contentUrl\":\"https:\/\/secure.gravatar.com\/avatar\/f7342e204cfef93b93cff94a9fcabe9a?s=96&d=mm&r=g\",\"caption\":\"admin4355\"}},{\"@type\":\"Question\",\"@id\":\"https:\/\/elexi.fr\/en\/paris-to-versailles\/#faq-question-1584720644131\",\"position\":1,\"url\":\"https:\/\/elexi.fr\/en\/paris-to-versailles\/#faq-question-1584720644131\",\"name\":\"How to book a transfer from Paris to Versailles?\",\"answerCount\":1,\"acceptedAnswer\":{\"@type\":\"Answer\",\"text\":\"Take advantage of a door-to-door service from Paris to Versailles Castel, train stations or wherever your need. Our service avoids stress and for more simplicity, a private driver will bring you in a top-of-the-range Tesla vehicle or a Mercedes van.<br\/>Book it directly via the link at the top of our website or here: <a href=\\\"https:\/\/elexi.fr\/booking\/#vip\\\">booking<\/a> \",\"inLanguage\":\"es\"},\"inLanguage\":\"es\"},{\"@type\":\"Question\",\"@id\":\"https:\/\/elexi.fr\/en\/paris-to-versailles\/#faq-question-1584720667235\",\"position\":2,\"url\":\"https:\/\/elexi.fr\/en\/paris-to-versailles\/#faq-question-1584720667235\",\"name\":\"Why is it good to get a private transfer between Paris and Versailles?\",\"answerCount\":1,\"acceptedAnswer\":{\"@type\":\"Answer\",\"text\":\"Versailles is 20 kilometers away from Paris, to get there you can take a bus or a train. However, you will need to change several times and that will take you a lot of time. A private taxi is preferable because it will allow you to be at your hotel very quickly. \",\"inLanguage\":\"es\"},\"inLanguage\":\"es\"},{\"@type\":\"Question\",\"@id\":\"https:\/\/elexi.fr\/en\/paris-to-versailles\/#faq-question-1584728960158\",\"position\":3,\"url\":\"https:\/\/elexi.fr\/en\/paris-to-versailles\/#faq-question-1584728960158\",\"name\":\"Is it possible to book the round trip for a small group?\",\"answerCount\":1,\"acceptedAnswer\":{\"@type\":\"Answer\",\"text\":\"Yes! u003cbr\/u003eWe offer transfers in a Tesla sedan, ideal for a couple or a family or a small group of people up to 6 passengers. We can, of course, offer other cars for groups of up to 8 or 10 people. u003cbr\/u003eIf you book the round trip you can enjoy a Tesla during both transfers.  \",\"inLanguage\":\"es\"},\"inLanguage\":\"es\"},{\"@type\":\"Question\",\"@id\":\"https:\/\/elexi.fr\/en\/paris-to-versailles\/#faq-question-1584875728177\",\"position\":4,\"url\":\"https:\/\/elexi.fr\/en\/paris-to-versailles\/#faq-question-1584875728177\",\"name\":\"Is there a bus or a train between Paris and Versailles?\",\"answerCount\":1,\"acceptedAnswer\":{\"@type\":\"Answer\",\"text\":\"Yes, but it is not the solution we recommend if you want comfort, flexibility, and service.\",\"inLanguage\":\"es\"},\"inLanguage\":\"es\"},{\"@type\":\"Question\",\"@id\":\"https:\/\/elexi.fr\/en\/paris-to-versailles\/#faq-question-1584876625997\",\"position\":5,\"url\":\"https:\/\/elexi.fr\/en\/paris-to-versailles\/#faq-question-1584876625997\",\"name\":\"What is the best way to go between Paris to Versailles?\",\"answerCount\":1,\"acceptedAnswer\":{\"@type\":\"Answer\",\"text\":\"With a private driver in a Tesla sedan who drives you between these two beautiful cities at any adresses (airports, train stations, and wherever). \",\"inLanguage\":\"es\"},\"inLanguage\":\"es\"},{\"@type\":\"Question\",\"@id\":\"https:\/\/elexi.fr\/en\/paris-to-versailles\/#faq-question-1584876162228\",\"position\":6,\"url\":\"https:\/\/elexi.fr\/en\/paris-to-versailles\/#faq-question-1584876162228\",\"name\":\"Can we cancel the private transfers with Elexi from Paris to Versailles?\",\"answerCount\":1,\"acceptedAnswer\":{\"@type\":\"Answer\",\"text\":\"Cancellation of transfers with Elexi is free up to 1 week before departure, otherwise, we keep 75% of the amount paid.  \",\"inLanguage\":\"es\"},\"inLanguage\":\"es\"}]}<\/script>\n<!-- \/ Yoast SEO plugin. -->","yoast_head_json":{"title":"\ud83c\udff0 Transfert en Tesla de Paris \u00e0 Versailles - Confort, tranquilit\u00e9 et prix","description":"Vous allez \u00e0 Versailles ? Prenez un transfert priv\u00e9 depuis votre adresse Paris vers Versailles pour une exp\u00e9rience sans faille et un confort haut-de-gamme.","robots":{"index":"index","follow":"follow","max-snippet":"max-snippet:-1","max-image-preview":"max-image-preview:large","max-video-preview":"max-video-preview:-1"},"canonical":"https:\/\/elexi.fr\/en\/paris-to-versailles\/","og_locale":"es_ES","og_type":"article","og_title":"\ud83c\udff0 Transfert en Tesla de Paris \u00e0 Versailles - Confort, tranquilit\u00e9 et prix","og_description":"Vous allez \u00e0 Versailles ? Prenez un transfert priv\u00e9 depuis votre adresse Paris vers Versailles pour une exp\u00e9rience sans faille et un confort haut-de-gamme.","og_url":"https:\/\/elexi.fr\/en\/paris-to-versailles\/","og_site_name":"Elexi","article_publisher":"https:\/\/www.facebook.com\/elexi.bdx\/","article_published_time":"2021-01-07T11:34:01+00:00","article_modified_time":"2021-01-14T16:03:24+00:00","og_image":[{"width":1280,"height":721,"url":"https:\/\/elexi.fr\/wp-content\/uploads\/2020\/03\/versailles-880359_1280.jpg","type":"image\/jpeg"}],"twitter_misc":{"Escrito por":"admin4355","Tiempo de lectura":"4 minutos"},"schema":{"@context":"https:\/\/schema.org","@graph":[{"@type":"Organization","@id":"https:\/\/elexi.fr\/#organization","name":"Elexi","url":"https:\/\/elexi.fr\/","sameAs":["https:\/\/www.facebook.com\/elexi.bdx\/","https:\/\/instagram.com\/elexi.travel.event","https:\/\/www.linkedin.com\/company\/11209084\/"],"logo":{"@type":"ImageObject","@id":"https:\/\/elexi.fr\/#logo","inLanguage":"es","url":"https:\/\/elexi.fr\/wp-content\/uploads\/2020\/02\/Elexi-blanc.png","contentUrl":"https:\/\/elexi.fr\/wp-content\/uploads\/2020\/02\/Elexi-blanc.png","width":4213,"height":1538,"caption":"Elexi"},"image":{"@id":"https:\/\/elexi.fr\/#logo"}},{"@type":"WebSite","@id":"https:\/\/elexi.fr\/#website","url":"https:\/\/elexi.fr\/","name":"Elexi","description":"Agences d&#039;\u00e9co-mobilit\u00e9","publisher":{"@id":"https:\/\/elexi.fr\/#organization"},"potentialAction":[{"@type":"SearchAction","target":{"@type":"EntryPoint","urlTemplate":"https:\/\/elexi.fr\/?s={search_term_string}"},"query-input":"required name=search_term_string"}],"inLanguage":"es"},{"@type":"ImageObject","@id":"https:\/\/elexi.fr\/en\/paris-to-versailles\/#primaryimage","inLanguage":"es","url":"https:\/\/elexi.fr\/wp-content\/uploads\/2020\/03\/versailles-880359_1280.jpg","contentUrl":"https:\/\/elexi.fr\/wp-content\/uploads\/2020\/03\/versailles-880359_1280.jpg","width":1280,"height":721,"caption":"Transfer from Paris to Versailles"},{"@type":["WebPage","FAQPage"],"@id":"https:\/\/elexi.fr\/en\/paris-to-versailles\/#webpage","url":"https:\/\/elexi.fr\/en\/paris-to-versailles\/","name":"\ud83c\udff0 Transfert en Tesla de Paris \u00e0 Versailles - Confort, tranquilit\u00e9 et prix","isPartOf":{"@id":"https:\/\/elexi.fr\/#website"},"primaryImageOfPage":{"@id":"https:\/\/elexi.fr\/en\/paris-to-versailles\/#primaryimage"},"datePublished":"2021-01-07T11:34:01+00:00","dateModified":"2021-01-14T16:03:24+00:00","description":"Vous allez \u00e0 Versailles ? Prenez un transfert priv\u00e9 depuis votre adresse Paris vers Versailles pour une exp\u00e9rience sans faille et un confort haut-de-gamme.","breadcrumb":{"@id":"https:\/\/elexi.fr\/en\/paris-to-versailles\/#breadcrumb"},"mainEntity":[{"@id":"https:\/\/elexi.fr\/en\/paris-to-versailles\/#faq-question-1584720644131"},{"@id":"https:\/\/elexi.fr\/en\/paris-to-versailles\/#faq-question-1584720667235"},{"@id":"https:\/\/elexi.fr\/en\/paris-to-versailles\/#faq-question-1584728960158"},{"@id":"https:\/\/elexi.fr\/en\/paris-to-versailles\/#faq-question-1584875728177"},{"@id":"https:\/\/elexi.fr\/en\/paris-to-versailles\/#faq-question-1584876625997"},{"@id":"https:\/\/elexi.fr\/en\/paris-to-versailles\/#faq-question-1584876162228"}],"inLanguage":"es","potentialAction":[{"@type":"ReadAction","target":["https:\/\/elexi.fr\/en\/paris-to-versailles\/"]}]},{"@type":"BreadcrumbList","@id":"https:\/\/elexi.fr\/en\/paris-to-versailles\/#breadcrumb","itemListElement":[{"@type":"ListItem","position":1,"name":"Accueil","item":"https:\/\/elexi.fr\/"},{"@type":"ListItem","position":2,"name":"Chauffeur priv\u00e9 de Paris \u00e0 Versailles"}]},{"@type":"Article","@id":"https:\/\/elexi.fr\/en\/paris-to-versailles\/#article","isPartOf":{"@id":"https:\/\/elexi.fr\/en\/paris-to-versailles\/#webpage"},"author":{"@id":"https:\/\/elexi.fr\/#\/schema\/person\/c0480c09b25541db4d3933e525aa0c71"},"headline":"Chauffeur priv\u00e9 de Paris \u00e0 Versailles","datePublished":"2021-01-07T11:34:01+00:00","dateModified":"2021-01-14T16:03:24+00:00","mainEntityOfPage":{"@id":"https:\/\/elexi.fr\/en\/paris-to-versailles\/#webpage"},"wordCount":761,"publisher":{"@id":"https:\/\/elexi.fr\/#organization"},"image":{"@id":"https:\/\/elexi.fr\/en\/paris-to-versailles\/#primaryimage"},"thumbnailUrl":"https:\/\/elexi.fr\/wp-content\/uploads\/2020\/03\/versailles-880359_1280.jpg","articleSection":["Elexi Driver"],"inLanguage":"es"},{"@type":"Person","@id":"https:\/\/elexi.fr\/#\/schema\/person\/c0480c09b25541db4d3933e525aa0c71","name":"admin4355","image":{"@type":"ImageObject","@id":"https:\/\/elexi.fr\/#personlogo","inLanguage":"es","url":"https:\/\/secure.gravatar.com\/avatar\/f7342e204cfef93b93cff94a9fcabe9a?s=96&d=mm&r=g","contentUrl":"https:\/\/secure.gravatar.com\/avatar\/f7342e204cfef93b93cff94a9fcabe9a?s=96&d=mm&r=g","caption":"admin4355"}},{"@type":"Question","@id":"https:\/\/elexi.fr\/en\/paris-to-versailles\/#faq-question-1584720644131","position":1,"url":"https:\/\/elexi.fr\/en\/paris-to-versailles\/#faq-question-1584720644131","name":"How to book a transfer from Paris to Versailles?","answerCount":1,"acceptedAnswer":{"@type":"Answer","text":"Take advantage of a door-to-door service from Paris to Versailles Castel, train stations or wherever your need. Our service avoids stress and for more simplicity, a private driver will bring you in a top-of-the-range Tesla vehicle or a Mercedes van.<br\/>Book it directly via the link at the top of our website or here: <a href=\"https:\/\/elexi.fr\/booking\/#vip\">booking<\/a> ","inLanguage":"es"},"inLanguage":"es"},{"@type":"Question","@id":"https:\/\/elexi.fr\/en\/paris-to-versailles\/#faq-question-1584720667235","position":2,"url":"https:\/\/elexi.fr\/en\/paris-to-versailles\/#faq-question-1584720667235","name":"Why is it good to get a private transfer between Paris and Versailles?","answerCount":1,"acceptedAnswer":{"@type":"Answer","text":"Versailles is 20 kilometers away from Paris, to get there you can take a bus or a train. However, you will need to change several times and that will take you a lot of time. A private taxi is preferable because it will allow you to be at your hotel very quickly. ","inLanguage":"es"},"inLanguage":"es"},{"@type":"Question","@id":"https:\/\/elexi.fr\/en\/paris-to-versailles\/#faq-question-1584728960158","position":3,"url":"https:\/\/elexi.fr\/en\/paris-to-versailles\/#faq-question-1584728960158","name":"Is it possible to book the round trip for a small group?","answerCount":1,"acceptedAnswer":{"@type":"Answer","text":"Yes! u003cbr\/u003eWe offer transfers in a Tesla sedan, ideal for a couple or a family or a small group of people up to 6 passengers. We can, of course, offer other cars for groups of up to 8 or 10 people. u003cbr\/u003eIf you book the round trip you can enjoy a Tesla during both transfers.  ","inLanguage":"es"},"inLanguage":"es"},{"@type":"Question","@id":"https:\/\/elexi.fr\/en\/paris-to-versailles\/#faq-question-1584875728177","position":4,"url":"https:\/\/elexi.fr\/en\/paris-to-versailles\/#faq-question-1584875728177","name":"Is there a bus or a train between Paris and Versailles?","answerCount":1,"acceptedAnswer":{"@type":"Answer","text":"Yes, but it is not the solution we recommend if you want comfort, flexibility, and service.","inLanguage":"es"},"inLanguage":"es"},{"@type":"Question","@id":"https:\/\/elexi.fr\/en\/paris-to-versailles\/#faq-question-1584876625997","position":5,"url":"https:\/\/elexi.fr\/en\/paris-to-versailles\/#faq-question-1584876625997","name":"What is the best way to go between Paris to Versailles?","answerCount":1,"acceptedAnswer":{"@type":"Answer","text":"With a private driver in a Tesla sedan who drives you between these two beautiful cities at any adresses (airports, train stations, and wherever). ","inLanguage":"es"},"inLanguage":"es"},{"@type":"Question","@id":"https:\/\/elexi.fr\/en\/paris-to-versailles\/#faq-question-1584876162228","position":6,"url":"https:\/\/elexi.fr\/en\/paris-to-versailles\/#faq-question-1584876162228","name":"Can we cancel the private transfers with Elexi from Paris to Versailles?","answerCount":1,"acceptedAnswer":{"@type":"Answer","text":"Cancellation of transfers with Elexi is free up to 1 week before departure, otherwise, we keep 75% of the amount paid.  ","inLanguage":"es"},"inLanguage":"es"}]}},"_links":{"self":[{"href":"https:\/\/elexi.fr\/es\/wp-json\/wp\/v2\/posts\/573"}],"collection":[{"href":"https:\/\/elexi.fr\/es\/wp-json\/wp\/v2\/posts"}],"about":[{"href":"https:\/\/elexi.fr\/es\/wp-json\/wp\/v2\/types\/post"}],"author":[{"embeddable":true,"href":"https:\/\/elexi.fr\/es\/wp-json\/wp\/v2\/users\/1"}],"replies":[{"embeddable":true,"href":"https:\/\/elexi.fr\/es\/wp-json\/wp\/v2\/comments?post=573"}],"version-history":[{"count":4,"href":"https:\/\/elexi.fr\/es\/wp-json\/wp\/v2\/posts\/573\/revisions"}],"predecessor-version":[{"id":944,"href":"https:\/\/elexi.fr\/es\/wp-json\/wp\/v2\/posts\/573\/revisions\/944"}],"wp:featuredmedia":[{"embeddable":true,"href":"https:\/\/elexi.fr\/es\/wp-json\/wp\/v2\/media\/577"}],"wp:attachment":[{"href":"https:\/\/elexi.fr\/es\/wp-json\/wp\/v2\/media?parent=573"}],"wp:term":[{"taxonomy":"category","embeddable":true,"href":"https:\/\/elexi.fr\/es\/wp-json\/wp\/v2\/categories?post=573"},{"taxonomy":"post_tag","embeddable":true,"href":"https:\/\/elexi.fr\/es\/wp-json\/wp\/v2\/tags?post=573"}],"curies":[{"name":"wp","href":"https:\/\/api.w.org\/{rel}","templated":true}]}}