{"id":526,"date":"2021-01-07T13:17:43","date_gmt":"2021-01-07T12:17:43","guid":{"rendered":"https:\/\/elexi.fr\/?p=526"},"modified":"2021-01-14T17:09:30","modified_gmt":"2021-01-14T16:09:30","slug":"transfert-paris","status":"publish","type":"post","link":"https:\/\/elexi.fr\/es\/transfert-paris\/","title":{"rendered":"Chauffeur priv\u00e9 \u00e0 Paris en Tesla"},"content":{"rendered":"<div class=\"wp-block-cover has-background-dim-20 has-background-dim has-background-dim-NaN\" style=\"background-image:url(https:\/\/elexi.fr\/wp-content\/uploads\/2020\/03\/paris-415476_1280.jpg);background-color:#e8cd80;min-height:527px;background-position:65% 100%\"><div class=\"wp-block-cover__inner-container\">\n<h1 class=\"has-text-align-center has-very-light-gray-color has-text-color\">Transferts \u00e0 Paris en limousine \/ berline Tesla<\/h1>\n<\/div><\/div>\n\n\n\n<p class=\"has-text-align-center has-text-color has-small-font-size\" style=\"color:#777777\"><em>En moyenne 30 kilom\u00e8tres et 1 heure de route<\/em><\/p>\n\n\n\n<p class=\"has-very-dark-gray-color has-text-color translation-block\"><br>Vous venez \u00e0 <strong>Paris<\/strong> et avez besoin d\u2019un chauffeur priv\u00e9 sachant \u00eatre \u00e0 votre \u00e9coute et \u00e0 votre service ? Elexi propose les <strong>transferts \u00e0 Paris<\/strong> en v\u00e9hicule Tesla, luxueux et silencieux, les transferts avec Elexi sont d\u2019un confort incroyable. Nos engagements sont simples :<\/p>\n\n\n\n<ul><li>&gt; Service porte-\u00e0-porte haut-de-gamme de<strong> vos adresses \u00e0 Paris<\/strong><\/li><li>&gt; Prix fix\u00e9 \u00e0 l&rsquo;avance<\/li><li>&gt; Paiement s\u00e9curis\u00e9 en ligne ou \u00e0 bord<\/li><li>&gt; Tarif identique \u00e0 l&rsquo;aller et au retour<\/li><li>&gt; Prestation VIP avec chauffeur costume cravate et discr\u00e9tion garantie<\/li><li>&gt; Bouteilles d&rsquo;eau et autres agr\u00e9ments de voyage \u00e0 bord<\/li><\/ul>\n\n\n\n<p class=\"has-text-align-center has-text-color\" style=\"color:#e8cd80\">&#8212;&#8212;&#8212;-<\/p>\n\n\n\n<blockquote class=\"wp-block-quote is-style-default\"><p>Le confort de la tesla model S est vraiment bluffant. Un service 5 \u00e9toiles !<\/p><cite>Elodie, Directrice en d\u00e9placement \u00e0 Paris en mars 2020<\/cite><\/blockquote>\n\n\n\n<div class=\"wp-block-button aligncenter\"><a class=\"wp-block-button__link has-background\" href=\"https:\/\/elexi.fr\/es\/booking\/#vip\" style=\"border-radius:24px;background-color:#003f45\">R\u00e9server ou demander un devis sur-mesure<\/a><\/div>\n\n\n\n<h2 class=\"has-text-color\" style=\"color:#003f45\"><br>Comment se passe un transfert \u00e0 Paris ? <\/h2>\n\n\n\n<p class=\"has-text-align-center has-text-color\" style=\"color:#e8cd80\">&#8212;&#8212;&#8212;-<\/p>\n\n\n\n<p class=\"has-text-color has-medium-font-size translation-block\" style=\"color:#003f45\">Votre <strong>chauffeur priv\u00e9 Elexi<\/strong><\/p>\n\n\n\n<p class=\" translation-block\">Elexi vous propose une prestation de transports premium en Tesla pour <strong>vous d\u00e9placer \u00e0 Paris<\/strong> (aller et\/ou retour). Votre chauffeur priv\u00e9 en Tesla Model X, Model S ou Model 3 vous accueillera avec une pancarte (gare, a\u00e9roport ou autre). Puis il se charge de mettre vos bagages dans la voiture. Ensuite, il faut compter entre 30 et 60 minutes de route. Et, vous voil\u00e0 arriver directement \u00e0 votre adresse \u00e0 Paris.<\/p>\n\n\n\n<p class=\"has-text-align-center has-text-color\" style=\"color:#e8cd80\">&#8212;&#8212;&#8212;-<\/p>\n\n\n\n<p class=\"has-text-color has-medium-font-size translation-block\" style=\"color:#003f45\">Le choix du v\u00e9hicule parmi notre flotte <strong>de Tesla pour 2, 4 et 6 passagers &amp; Mercedes Class V \u2013 8 passagers  <\/strong><\/p>\n\n\n\n<p class=\" translation-block\">Avec Elexi, vous faites le choix d\u2019une exp\u00e9rience au top <strong>d\u00e8s votre arriv\u00e9e \u00e0 l\u2019a\u00e9roport ou \u00e0 la <a href=\"https:\/\/www.garesetconnexions.sncf\/fr\/gare\/frpmo\/paris-montparnasse\" target=\"_self\">gare de Paris<\/a><\/strong>. Une Tesla, voiture berline et SUV 100 % \u00e9lectrique, vous attendra \u00e0 votre arriv\u00e9e pour un transfert magique dans un v\u00e9hicule futuriste et \u00e9pur\u00e9. <br>La <a href=\"http:\/\/tesla.com\/modelx\" target=\"_self\">Tesla Model X<\/a> est surement celle que vous adorerez le plus, avec ses ailes papillons, vous n\u2019en reviendrez pas ! Effet wow garanti !<\/p>\n\n\n\n<p><\/p>\n\n\n\n<div class=\"wp-block-image\"><figure class=\"aligncenter size-large is-resized\"><img loading=\"lazy\" src=\"https:\/\/elexi.fr\/wp-content\/uploads\/2020\/03\/Arbre-2-1024x1024.png\" alt=\"\" class=\"wp-image-260\" width=\"89\" height=\"89\"\/><\/figure><\/div>\n\n\n\n<h2 class=\"has-text-align-center\">Transferts \u00e0 Paris en Tesla Model 3, S ou Tesla Model X<\/h2>\n\n\n\n<div class=\"wp-block-button aligncenter\"><a class=\"wp-block-button__link has-background\" href=\"https:\/\/elexi.fr\/es\/booking\/#vip\" style=\"border-radius:24px;background-color:#003f45\">Simuler le prix \/ R\u00e9server<\/a><\/div>\n\n\n\n<div style=\"height:62px\" aria-hidden=\"true\" class=\"wp-block-spacer\"><\/div>\n\n\n\n<div class=\"wp-block-image\"><figure class=\"aligncenter size-large is-resized\"><img loading=\"lazy\" src=\"https:\/\/elexi.fr\/wp-content\/uploads\/2020\/03\/Arbre-2-1024x1024.png\" alt=\"\" class=\"wp-image-260\" width=\"89\" height=\"89\"\/><\/figure><\/div>\n\n\n\n<div style=\"height:38px\" aria-hidden=\"true\" class=\"wp-block-spacer\"><\/div>\n\n\n\n<div class=\"wp-block-group\"><div class=\"wp-block-group__inner-container\">\n<h2 class=\"has-text-align-center\"><strong>Prix pour les transferts priv\u00e9s \u00e0 Paris<\/strong><\/h2>\n\n\n\n<p class=\"has-text-align-center translation-block\">Les prix pour <strong>un transfert \u00e0 Paris <\/strong>d\u00e9pendent directement de l\u2019heure et du type de v\u00e9hicule demand\u00e9, nous vous conseillons de faire une simulation via le lien ci-dessus. <br><br>De 1 \u00e0 4 personnes : <strong>\u00e0 partir de 50 \u20ac<\/strong> <br>De 5 \u00e0 6 personnes : <strong>\u00e0 partir de 70 \u20ac <\/strong><br>Pour les groupes de + de 7 personnes : devis sur-mesure<br><br><\/p>\n\n\n\n<div class=\"wp-block-button aligncenter\"><a class=\"wp-block-button__link has-background\" href=\"https:\/\/elexi.fr\/es\/booking\/#vip\" style=\"border-radius:24px;background-color:#003f45\">Demander un devis ou r\u00e9server<\/a><\/div>\n<\/div><\/div>\n\n\n\n<div style=\"height:62px\" aria-hidden=\"true\" class=\"wp-block-spacer\"><\/div>\n\n\n\n<div class=\"wp-block-group\"><div class=\"wp-block-group__inner-container\">\n<h3>Foire aux questions pour un transfert \u00e0 Paris<\/h3>\n\n\n\n<div class=\"schema-faq wp-block-yoast-faq-block\"><div class=\"schema-faq-section\" id=\"faq-question-1584720644131\"><strong class=\"schema-faq-question\">How to book a transfer in Paris?<\/strong> <p class=\"schema-faq-answer\">Take advantage of a door-to-door service from Paris airports, train stations or wherever your need. Our service avoids stress and for more simplicity, a private driver will bring you in a top-of-the-range Tesla vehicle or a Mercedes van.<br\/>Book it directly via the link at the top of our website or here > <a href=\"https:\/\/elexi.fr\/es\/booking\/#vip\">booking<\/a> <\/p> <\/div> <div class=\"schema-faq-section\" id=\"faq-question-1584720667235\"><strong class=\"schema-faq-question\"><strong>Why is it good to get a private transfer in Paris?<\/strong><\/strong> <p class=\"schema-faq-answer\">Paris is 40 kilometers away from Paris or its airports, to get there you can take a bus or a train. However, you will need to change several times and that will take you a lot of time. A private taxi is preferable because it will allow you to be at your hotel very quickly. <\/p> <\/div> <div class=\"schema-faq-section\" id=\"faq-question-1584728960158\"><strong class=\"schema-faq-question\">Is it possible to book the round trip for a small group?<\/strong> <p class=\"schema-faq-answer\">Yes! <br\/>We offer transfers in a Tesla sedan, ideal for a couple or a family or a small group of people up to 6 passengers. We can, of course, offer other cars for groups of up to 8 or 10 people. <br\/>If you book the round trip you can enjoy a Tesla during both transfers.  <\/p> <\/div> <div class=\"schema-faq-section\" id=\"faq-question-1584875728177\"><strong class=\"schema-faq-question\">Is there a bus or a train in Paris city?<\/strong> <p class=\"schema-faq-answer\">Yes, but it is not the solution we recommend if you want comfort, flexibility, and service.<\/p> <\/div> <div class=\"schema-faq-section\" id=\"faq-question-1584876625997\"><strong class=\"schema-faq-question\">What is the best way to go around Paris?<\/strong> <p class=\"schema-faq-answer\">With a private driver in a Tesla sedan who drives you within Paris area (airports, train stations, and wherever). <\/p> <\/div> <div class=\"schema-faq-section\" id=\"faq-question-1584876162228\"><strong class=\"schema-faq-question\">Can we cancel the private transfers with Elexi in Paris area?<\/strong> <p class=\"schema-faq-answer\">Cancellation of transfers with Elexi is free up to 1 week before departure, otherwise, we keep 75% of the amount paid.  <\/p> <\/div> <\/div>\n<\/div><\/div>\n\n\n\n<div class=\"wp-block-group\"><div class=\"wp-block-group__inner-container\">\n<div style=\"height:75px\" aria-hidden=\"true\" class=\"wp-block-spacer\"><\/div>\n\n\n\n<div class=\"wp-block-button aligncenter\"><a class=\"wp-block-button__link has-background\" href=\"https:\/\/elexi.fr\/es\/booking\/#vip\" style=\"border-radius:24px;background-color:#003f45\">Demander un devis<\/a><\/div>\n\n\n\n<div style=\"height:119px\" aria-hidden=\"true\" class=\"wp-block-spacer\"><\/div>\n\n\n\n<p>Nos autres services pour vous transporter partout en France :<\/p>\n\n\n\n<ul><li class=\" translation-block\">Service de <a href=\"https:\/\/elexi.fr\/chauffeur-taxi-vtc-gare-aeroport\/\" target=\"_self\">chauffeur taxi\/VTC standard<\/a> en v\u00e9hicule \u00e9lectrique<\/li><li class=\" translation-block\">Des <a href=\"https:\/\/elexi.fr\/chauffeur-prive-tesla\/\" target=\"_self\">chauffeurs priv\u00e9s haut-de-gamme<\/a> en Tesla<\/li><li class=\" translation-block\">D\u2019<a href=\"https:\/\/elexi.fr\/circuit-touristique-vignobles-chateaux-france\/\" target=\"_self\">autres destinations<\/a> partout en France pour votre s\u00e9jour touristique<\/li><li class=\" translation-block\">Location de<a href=\"https:\/\/elexi.fr\/location-voiture-electrique-et-tesla\/\" target=\"_self\"> voiture \u00e9lectrique<\/a><\/li><\/ul>\n<\/div><\/div>\n\n\n\n<p><\/p>","protected":false},"excerpt":{"rendered":"<p>En moyenne 30 kilom\u00e8tres et 1 heure de route Vous venez \u00e0 Paris et avez besoin d&rsquo;un chauffeur priv\u00e9 sachant \u00eatre \u00e0 votre \u00e9coute et \u00e0 votre service ? Elexi propose les transferts \u00e0 Paris en v\u00e9hicule Tesla, luxueux et silencieux, les transferts avec Elexi sont d&rsquo;un confort incroyable. Nos engagements sont simples : &gt; &hellip;<\/p>\n<p class=\"read-more\"> <a class=\"\" href=\"https:\/\/elexi.fr\/es\/transfert-paris\/\"> <span class=\"screen-reader-text\">Chauffeur priv\u00e9 \u00e0 Paris en Tesla<\/span> Leer m\u00e1s &raquo;<\/a><\/p>","protected":false},"author":1,"featured_media":538,"comment_status":"closed","ping_status":"closed","sticky":false,"template":"","format":"standard","meta":{"_monsterinsights_skip_tracking":false,"_monsterinsights_sitenote_active":false,"_monsterinsights_sitenote_note":"","_monsterinsights_sitenote_category":0},"categories":[5],"tags":[],"yoast_head":"<!-- This site is optimized with the Yoast SEO plugin v17.8 - https:\/\/yoast.com\/wordpress\/plugins\/seo\/ -->\n<title>\ud83d\ude97 Transfert en Tesla \u00e0 Paris - A\u00e9roports, Gares et \u00cele de France<\/title>\n<meta name=\"description\" content=\"D\u00e8s votre arriv\u00e9e \u00e0 Paris, prenez un transfert priv\u00e9 sur Paris pour une exp\u00e9rience sans faille et un confort \u00e0 la hauteur de votre voyage.\" \/>\n<meta name=\"robots\" content=\"index, follow, max-snippet:-1, max-image-preview:large, max-video-preview:-1\" \/>\n<link rel=\"canonical\" href=\"https:\/\/elexi.fr\/pt\/transfert-paris\/\" \/>\n<meta property=\"og:locale\" content=\"es_ES\" \/>\n<meta property=\"og:type\" content=\"article\" \/>\n<meta property=\"og:title\" content=\"\ud83d\ude97 Transfert en Tesla \u00e0 Paris - A\u00e9roports, Gares et \u00cele de France\" \/>\n<meta property=\"og:description\" content=\"D\u00e8s votre arriv\u00e9e \u00e0 Paris, prenez un transfert priv\u00e9 sur Paris pour une exp\u00e9rience sans faille et un confort \u00e0 la hauteur de votre voyage.\" \/>\n<meta property=\"og:url\" content=\"https:\/\/elexi.fr\/pt\/transfert-paris\/\" \/>\n<meta property=\"og:site_name\" content=\"Elexi\" \/>\n<meta property=\"article:publisher\" content=\"https:\/\/www.facebook.com\/elexi.bdx\/\" \/>\n<meta property=\"article:published_time\" content=\"2021-01-07T12:17:43+00:00\" \/>\n<meta property=\"article:modified_time\" content=\"2021-01-14T16:09:30+00:00\" \/>\n<meta property=\"og:image\" content=\"https:\/\/elexi.fr\/wp-content\/uploads\/2020\/03\/paris-415476_1280.jpg\" \/>\n\t<meta property=\"og:image:width\" content=\"1280\" \/>\n\t<meta property=\"og:image:height\" content=\"853\" \/>\n<meta name=\"twitter:label1\" content=\"Escrito por\" \/>\n\t<meta name=\"twitter:data1\" content=\"admin4355\" \/>\n\t<meta name=\"twitter:label2\" content=\"Tiempo de lectura\" \/>\n\t<meta name=\"twitter:data2\" content=\"3 minutos\" \/>\n<script type=\"application\/ld+json\" class=\"yoast-schema-graph\">{\"@context\":\"https:\/\/schema.org\",\"@graph\":[{\"@type\":\"Organization\",\"@id\":\"https:\/\/elexi.fr\/#organization\",\"name\":\"Elexi\",\"url\":\"https:\/\/elexi.fr\/\",\"sameAs\":[\"https:\/\/www.facebook.com\/elexi.bdx\/\",\"https:\/\/instagram.com\/elexi.travel.event\",\"https:\/\/www.linkedin.com\/company\/11209084\/\"],\"logo\":{\"@type\":\"ImageObject\",\"@id\":\"https:\/\/elexi.fr\/#logo\",\"inLanguage\":\"es\",\"url\":\"https:\/\/elexi.fr\/wp-content\/uploads\/2020\/02\/Elexi-blanc.png\",\"contentUrl\":\"https:\/\/elexi.fr\/wp-content\/uploads\/2020\/02\/Elexi-blanc.png\",\"width\":4213,\"height\":1538,\"caption\":\"Elexi\"},\"image\":{\"@id\":\"https:\/\/elexi.fr\/#logo\"}},{\"@type\":\"WebSite\",\"@id\":\"https:\/\/elexi.fr\/#website\",\"url\":\"https:\/\/elexi.fr\/\",\"name\":\"Elexi\",\"description\":\"Agences d&#039;\\u00e9co-mobilit\\u00e9\",\"publisher\":{\"@id\":\"https:\/\/elexi.fr\/#organization\"},\"potentialAction\":[{\"@type\":\"SearchAction\",\"target\":{\"@type\":\"EntryPoint\",\"urlTemplate\":\"https:\/\/elexi.fr\/?s={search_term_string}\"},\"query-input\":\"required name=search_term_string\"}],\"inLanguage\":\"es\"},{\"@type\":\"ImageObject\",\"@id\":\"https:\/\/elexi.fr\/pt\/transfert-paris\/#primaryimage\",\"inLanguage\":\"es\",\"url\":\"https:\/\/elexi.fr\/wp-content\/uploads\/2020\/03\/paris-415476_1280.jpg\",\"contentUrl\":\"https:\/\/elexi.fr\/wp-content\/uploads\/2020\/03\/paris-415476_1280.jpg\",\"width\":1280,\"height\":853,\"caption\":\"Transferts \\u00e0 Paris en Tesla\"},{\"@type\":[\"WebPage\",\"FAQPage\"],\"@id\":\"https:\/\/elexi.fr\/pt\/transfert-paris\/#webpage\",\"url\":\"https:\/\/elexi.fr\/pt\/transfert-paris\/\",\"name\":\"\\ud83d\\ude97 Transfert en Tesla \\u00e0 Paris - A\\u00e9roports, Gares et \\u00cele de France\",\"isPartOf\":{\"@id\":\"https:\/\/elexi.fr\/#website\"},\"primaryImageOfPage\":{\"@id\":\"https:\/\/elexi.fr\/pt\/transfert-paris\/#primaryimage\"},\"datePublished\":\"2021-01-07T12:17:43+00:00\",\"dateModified\":\"2021-01-14T16:09:30+00:00\",\"description\":\"D\\u00e8s votre arriv\\u00e9e \\u00e0 Paris, prenez un transfert priv\\u00e9 sur Paris pour une exp\\u00e9rience sans faille et un confort \\u00e0 la hauteur de votre voyage.\",\"breadcrumb\":{\"@id\":\"https:\/\/elexi.fr\/pt\/transfert-paris\/#breadcrumb\"},\"mainEntity\":[{\"@id\":\"https:\/\/elexi.fr\/pt\/transfert-paris\/#faq-question-1584720644131\"},{\"@id\":\"https:\/\/elexi.fr\/pt\/transfert-paris\/#faq-question-1584720667235\"},{\"@id\":\"https:\/\/elexi.fr\/pt\/transfert-paris\/#faq-question-1584728960158\"},{\"@id\":\"https:\/\/elexi.fr\/pt\/transfert-paris\/#faq-question-1584875728177\"},{\"@id\":\"https:\/\/elexi.fr\/pt\/transfert-paris\/#faq-question-1584876625997\"},{\"@id\":\"https:\/\/elexi.fr\/pt\/transfert-paris\/#faq-question-1584876162228\"}],\"inLanguage\":\"es\",\"potentialAction\":[{\"@type\":\"ReadAction\",\"target\":[\"https:\/\/elexi.fr\/pt\/transfert-paris\/\"]}]},{\"@type\":\"BreadcrumbList\",\"@id\":\"https:\/\/elexi.fr\/pt\/transfert-paris\/#breadcrumb\",\"itemListElement\":[{\"@type\":\"ListItem\",\"position\":1,\"name\":\"Accueil\",\"item\":\"https:\/\/elexi.fr\/\"},{\"@type\":\"ListItem\",\"position\":2,\"name\":\"Chauffeur priv\\u00e9 \\u00e0 Paris en Tesla\"}]},{\"@type\":\"Article\",\"@id\":\"https:\/\/elexi.fr\/pt\/transfert-paris\/#article\",\"isPartOf\":{\"@id\":\"https:\/\/elexi.fr\/pt\/transfert-paris\/#webpage\"},\"author\":{\"@id\":\"https:\/\/elexi.fr\/#\/schema\/person\/c0480c09b25541db4d3933e525aa0c71\"},\"headline\":\"Chauffeur priv\\u00e9 \\u00e0 Paris en Tesla\",\"datePublished\":\"2021-01-07T12:17:43+00:00\",\"dateModified\":\"2021-01-14T16:09:30+00:00\",\"mainEntityOfPage\":{\"@id\":\"https:\/\/elexi.fr\/pt\/transfert-paris\/#webpage\"},\"wordCount\":690,\"publisher\":{\"@id\":\"https:\/\/elexi.fr\/#organization\"},\"image\":{\"@id\":\"https:\/\/elexi.fr\/pt\/transfert-paris\/#primaryimage\"},\"thumbnailUrl\":\"https:\/\/elexi.fr\/wp-content\/uploads\/2020\/03\/paris-415476_1280.jpg\",\"articleSection\":[\"Elexi Driver\"],\"inLanguage\":\"es\"},{\"@type\":\"Person\",\"@id\":\"https:\/\/elexi.fr\/#\/schema\/person\/c0480c09b25541db4d3933e525aa0c71\",\"name\":\"admin4355\",\"image\":{\"@type\":\"ImageObject\",\"@id\":\"https:\/\/elexi.fr\/#personlogo\",\"inLanguage\":\"es\",\"url\":\"https:\/\/secure.gravatar.com\/avatar\/f7342e204cfef93b93cff94a9fcabe9a?s=96&d=mm&r=g\",\"contentUrl\":\"https:\/\/secure.gravatar.com\/avatar\/f7342e204cfef93b93cff94a9fcabe9a?s=96&d=mm&r=g\",\"caption\":\"admin4355\"}},{\"@type\":\"Question\",\"@id\":\"https:\/\/elexi.fr\/pt\/transfert-paris\/#faq-question-1584720644131\",\"position\":1,\"url\":\"https:\/\/elexi.fr\/pt\/transfert-paris\/#faq-question-1584720644131\",\"name\":\"How to book a transfer in Paris?\",\"answerCount\":1,\"acceptedAnswer\":{\"@type\":\"Answer\",\"text\":\"Take advantage of a door-to-door service from Paris airports, train stations or wherever your need. Our service avoids stress and for more simplicity, a private driver will bring you in a top-of-the-range Tesla vehicle or a Mercedes van.<br\/>Book it directly via the link at the top of our website or here > <a href=\\\"https:\/\/elexi.fr\/booking\/#vip\\\">booking<\/a> \",\"inLanguage\":\"es\"},\"inLanguage\":\"es\"},{\"@type\":\"Question\",\"@id\":\"https:\/\/elexi.fr\/pt\/transfert-paris\/#faq-question-1584720667235\",\"position\":2,\"url\":\"https:\/\/elexi.fr\/pt\/transfert-paris\/#faq-question-1584720667235\",\"name\":\"Why is it good to get a private transfer in Paris?\",\"answerCount\":1,\"acceptedAnswer\":{\"@type\":\"Answer\",\"text\":\"Paris is 40 kilometers away from Paris or its airports, to get there you can take a bus or a train. However, you will need to change several times and that will take you a lot of time. A private taxi is preferable because it will allow you to be at your hotel very quickly. \",\"inLanguage\":\"es\"},\"inLanguage\":\"es\"},{\"@type\":\"Question\",\"@id\":\"https:\/\/elexi.fr\/pt\/transfert-paris\/#faq-question-1584728960158\",\"position\":3,\"url\":\"https:\/\/elexi.fr\/pt\/transfert-paris\/#faq-question-1584728960158\",\"name\":\"Is it possible to book the round trip for a small group?\",\"answerCount\":1,\"acceptedAnswer\":{\"@type\":\"Answer\",\"text\":\"Yes! u003cbr\/u003eWe offer transfers in a Tesla sedan, ideal for a couple or a family or a small group of people up to 6 passengers. We can, of course, offer other cars for groups of up to 8 or 10 people. u003cbr\/u003eIf you book the round trip you can enjoy a Tesla during both transfers.  \",\"inLanguage\":\"es\"},\"inLanguage\":\"es\"},{\"@type\":\"Question\",\"@id\":\"https:\/\/elexi.fr\/pt\/transfert-paris\/#faq-question-1584875728177\",\"position\":4,\"url\":\"https:\/\/elexi.fr\/pt\/transfert-paris\/#faq-question-1584875728177\",\"name\":\"Is there a bus or a train in Paris city?\",\"answerCount\":1,\"acceptedAnswer\":{\"@type\":\"Answer\",\"text\":\"Yes, but it is not the solution we recommend if you want comfort, flexibility, and service.\",\"inLanguage\":\"es\"},\"inLanguage\":\"es\"},{\"@type\":\"Question\",\"@id\":\"https:\/\/elexi.fr\/pt\/transfert-paris\/#faq-question-1584876625997\",\"position\":5,\"url\":\"https:\/\/elexi.fr\/pt\/transfert-paris\/#faq-question-1584876625997\",\"name\":\"What is the best way to go around Paris?\",\"answerCount\":1,\"acceptedAnswer\":{\"@type\":\"Answer\",\"text\":\"With a private driver in a Tesla sedan who drives you within Paris area (airports, train stations, and wherever). \",\"inLanguage\":\"es\"},\"inLanguage\":\"es\"},{\"@type\":\"Question\",\"@id\":\"https:\/\/elexi.fr\/pt\/transfert-paris\/#faq-question-1584876162228\",\"position\":6,\"url\":\"https:\/\/elexi.fr\/pt\/transfert-paris\/#faq-question-1584876162228\",\"name\":\"Can we cancel the private transfers with Elexi in Paris area?\",\"answerCount\":1,\"acceptedAnswer\":{\"@type\":\"Answer\",\"text\":\"Cancellation of transfers with Elexi is free up to 1 week before departure, otherwise, we keep 75% of the amount paid.  \",\"inLanguage\":\"es\"},\"inLanguage\":\"es\"}]}<\/script>\n<!-- \/ Yoast SEO plugin. -->","yoast_head_json":{"title":"\ud83d\ude97 Transfert en Tesla \u00e0 Paris - A\u00e9roports, Gares et \u00cele de France","description":"D\u00e8s votre arriv\u00e9e \u00e0 Paris, prenez un transfert priv\u00e9 sur Paris pour une exp\u00e9rience sans faille et un confort \u00e0 la hauteur de votre voyage.","robots":{"index":"index","follow":"follow","max-snippet":"max-snippet:-1","max-image-preview":"max-image-preview:large","max-video-preview":"max-video-preview:-1"},"canonical":"https:\/\/elexi.fr\/pt\/transfert-paris\/","og_locale":"es_ES","og_type":"article","og_title":"\ud83d\ude97 Transfert en Tesla \u00e0 Paris - A\u00e9roports, Gares et \u00cele de France","og_description":"D\u00e8s votre arriv\u00e9e \u00e0 Paris, prenez un transfert priv\u00e9 sur Paris pour une exp\u00e9rience sans faille et un confort \u00e0 la hauteur de votre voyage.","og_url":"https:\/\/elexi.fr\/pt\/transfert-paris\/","og_site_name":"Elexi","article_publisher":"https:\/\/www.facebook.com\/elexi.bdx\/","article_published_time":"2021-01-07T12:17:43+00:00","article_modified_time":"2021-01-14T16:09:30+00:00","og_image":[{"width":1280,"height":853,"url":"https:\/\/elexi.fr\/wp-content\/uploads\/2020\/03\/paris-415476_1280.jpg","type":"image\/jpeg"}],"twitter_misc":{"Escrito por":"admin4355","Tiempo de lectura":"3 minutos"},"schema":{"@context":"https:\/\/schema.org","@graph":[{"@type":"Organization","@id":"https:\/\/elexi.fr\/#organization","name":"Elexi","url":"https:\/\/elexi.fr\/","sameAs":["https:\/\/www.facebook.com\/elexi.bdx\/","https:\/\/instagram.com\/elexi.travel.event","https:\/\/www.linkedin.com\/company\/11209084\/"],"logo":{"@type":"ImageObject","@id":"https:\/\/elexi.fr\/#logo","inLanguage":"es","url":"https:\/\/elexi.fr\/wp-content\/uploads\/2020\/02\/Elexi-blanc.png","contentUrl":"https:\/\/elexi.fr\/wp-content\/uploads\/2020\/02\/Elexi-blanc.png","width":4213,"height":1538,"caption":"Elexi"},"image":{"@id":"https:\/\/elexi.fr\/#logo"}},{"@type":"WebSite","@id":"https:\/\/elexi.fr\/#website","url":"https:\/\/elexi.fr\/","name":"Elexi","description":"Agences d&#039;\u00e9co-mobilit\u00e9","publisher":{"@id":"https:\/\/elexi.fr\/#organization"},"potentialAction":[{"@type":"SearchAction","target":{"@type":"EntryPoint","urlTemplate":"https:\/\/elexi.fr\/?s={search_term_string}"},"query-input":"required name=search_term_string"}],"inLanguage":"es"},{"@type":"ImageObject","@id":"https:\/\/elexi.fr\/pt\/transfert-paris\/#primaryimage","inLanguage":"es","url":"https:\/\/elexi.fr\/wp-content\/uploads\/2020\/03\/paris-415476_1280.jpg","contentUrl":"https:\/\/elexi.fr\/wp-content\/uploads\/2020\/03\/paris-415476_1280.jpg","width":1280,"height":853,"caption":"Transferts \u00e0 Paris en Tesla"},{"@type":["WebPage","FAQPage"],"@id":"https:\/\/elexi.fr\/pt\/transfert-paris\/#webpage","url":"https:\/\/elexi.fr\/pt\/transfert-paris\/","name":"\ud83d\ude97 Transfert en Tesla \u00e0 Paris - A\u00e9roports, Gares et \u00cele de France","isPartOf":{"@id":"https:\/\/elexi.fr\/#website"},"primaryImageOfPage":{"@id":"https:\/\/elexi.fr\/pt\/transfert-paris\/#primaryimage"},"datePublished":"2021-01-07T12:17:43+00:00","dateModified":"2021-01-14T16:09:30+00:00","description":"D\u00e8s votre arriv\u00e9e \u00e0 Paris, prenez un transfert priv\u00e9 sur Paris pour une exp\u00e9rience sans faille et un confort \u00e0 la hauteur de votre voyage.","breadcrumb":{"@id":"https:\/\/elexi.fr\/pt\/transfert-paris\/#breadcrumb"},"mainEntity":[{"@id":"https:\/\/elexi.fr\/pt\/transfert-paris\/#faq-question-1584720644131"},{"@id":"https:\/\/elexi.fr\/pt\/transfert-paris\/#faq-question-1584720667235"},{"@id":"https:\/\/elexi.fr\/pt\/transfert-paris\/#faq-question-1584728960158"},{"@id":"https:\/\/elexi.fr\/pt\/transfert-paris\/#faq-question-1584875728177"},{"@id":"https:\/\/elexi.fr\/pt\/transfert-paris\/#faq-question-1584876625997"},{"@id":"https:\/\/elexi.fr\/pt\/transfert-paris\/#faq-question-1584876162228"}],"inLanguage":"es","potentialAction":[{"@type":"ReadAction","target":["https:\/\/elexi.fr\/pt\/transfert-paris\/"]}]},{"@type":"BreadcrumbList","@id":"https:\/\/elexi.fr\/pt\/transfert-paris\/#breadcrumb","itemListElement":[{"@type":"ListItem","position":1,"name":"Accueil","item":"https:\/\/elexi.fr\/"},{"@type":"ListItem","position":2,"name":"Chauffeur priv\u00e9 \u00e0 Paris en Tesla"}]},{"@type":"Article","@id":"https:\/\/elexi.fr\/pt\/transfert-paris\/#article","isPartOf":{"@id":"https:\/\/elexi.fr\/pt\/transfert-paris\/#webpage"},"author":{"@id":"https:\/\/elexi.fr\/#\/schema\/person\/c0480c09b25541db4d3933e525aa0c71"},"headline":"Chauffeur priv\u00e9 \u00e0 Paris en Tesla","datePublished":"2021-01-07T12:17:43+00:00","dateModified":"2021-01-14T16:09:30+00:00","mainEntityOfPage":{"@id":"https:\/\/elexi.fr\/pt\/transfert-paris\/#webpage"},"wordCount":690,"publisher":{"@id":"https:\/\/elexi.fr\/#organization"},"image":{"@id":"https:\/\/elexi.fr\/pt\/transfert-paris\/#primaryimage"},"thumbnailUrl":"https:\/\/elexi.fr\/wp-content\/uploads\/2020\/03\/paris-415476_1280.jpg","articleSection":["Elexi Driver"],"inLanguage":"es"},{"@type":"Person","@id":"https:\/\/elexi.fr\/#\/schema\/person\/c0480c09b25541db4d3933e525aa0c71","name":"admin4355","image":{"@type":"ImageObject","@id":"https:\/\/elexi.fr\/#personlogo","inLanguage":"es","url":"https:\/\/secure.gravatar.com\/avatar\/f7342e204cfef93b93cff94a9fcabe9a?s=96&d=mm&r=g","contentUrl":"https:\/\/secure.gravatar.com\/avatar\/f7342e204cfef93b93cff94a9fcabe9a?s=96&d=mm&r=g","caption":"admin4355"}},{"@type":"Question","@id":"https:\/\/elexi.fr\/pt\/transfert-paris\/#faq-question-1584720644131","position":1,"url":"https:\/\/elexi.fr\/pt\/transfert-paris\/#faq-question-1584720644131","name":"How to book a transfer in Paris?","answerCount":1,"acceptedAnswer":{"@type":"Answer","text":"Take advantage of a door-to-door service from Paris airports, train stations or wherever your need. Our service avoids stress and for more simplicity, a private driver will bring you in a top-of-the-range Tesla vehicle or a Mercedes van.<br\/>Book it directly via the link at the top of our website or here > <a href=\"https:\/\/elexi.fr\/booking\/#vip\">booking<\/a> ","inLanguage":"es"},"inLanguage":"es"},{"@type":"Question","@id":"https:\/\/elexi.fr\/pt\/transfert-paris\/#faq-question-1584720667235","position":2,"url":"https:\/\/elexi.fr\/pt\/transfert-paris\/#faq-question-1584720667235","name":"Why is it good to get a private transfer in Paris?","answerCount":1,"acceptedAnswer":{"@type":"Answer","text":"Paris is 40 kilometers away from Paris or its airports, to get there you can take a bus or a train. However, you will need to change several times and that will take you a lot of time. A private taxi is preferable because it will allow you to be at your hotel very quickly. ","inLanguage":"es"},"inLanguage":"es"},{"@type":"Question","@id":"https:\/\/elexi.fr\/pt\/transfert-paris\/#faq-question-1584728960158","position":3,"url":"https:\/\/elexi.fr\/pt\/transfert-paris\/#faq-question-1584728960158","name":"Is it possible to book the round trip for a small group?","answerCount":1,"acceptedAnswer":{"@type":"Answer","text":"Yes! u003cbr\/u003eWe offer transfers in a Tesla sedan, ideal for a couple or a family or a small group of people up to 6 passengers. We can, of course, offer other cars for groups of up to 8 or 10 people. u003cbr\/u003eIf you book the round trip you can enjoy a Tesla during both transfers.  ","inLanguage":"es"},"inLanguage":"es"},{"@type":"Question","@id":"https:\/\/elexi.fr\/pt\/transfert-paris\/#faq-question-1584875728177","position":4,"url":"https:\/\/elexi.fr\/pt\/transfert-paris\/#faq-question-1584875728177","name":"Is there a bus or a train in Paris city?","answerCount":1,"acceptedAnswer":{"@type":"Answer","text":"Yes, but it is not the solution we recommend if you want comfort, flexibility, and service.","inLanguage":"es"},"inLanguage":"es"},{"@type":"Question","@id":"https:\/\/elexi.fr\/pt\/transfert-paris\/#faq-question-1584876625997","position":5,"url":"https:\/\/elexi.fr\/pt\/transfert-paris\/#faq-question-1584876625997","name":"What is the best way to go around Paris?","answerCount":1,"acceptedAnswer":{"@type":"Answer","text":"With a private driver in a Tesla sedan who drives you within Paris area (airports, train stations, and wherever). ","inLanguage":"es"},"inLanguage":"es"},{"@type":"Question","@id":"https:\/\/elexi.fr\/pt\/transfert-paris\/#faq-question-1584876162228","position":6,"url":"https:\/\/elexi.fr\/pt\/transfert-paris\/#faq-question-1584876162228","name":"Can we cancel the private transfers with Elexi in Paris area?","answerCount":1,"acceptedAnswer":{"@type":"Answer","text":"Cancellation of transfers with Elexi is free up to 1 week before departure, otherwise, we keep 75% of the amount paid.  ","inLanguage":"es"},"inLanguage":"es"}]}},"_links":{"self":[{"href":"https:\/\/elexi.fr\/es\/wp-json\/wp\/v2\/posts\/526"}],"collection":[{"href":"https:\/\/elexi.fr\/es\/wp-json\/wp\/v2\/posts"}],"about":[{"href":"https:\/\/elexi.fr\/es\/wp-json\/wp\/v2\/types\/post"}],"author":[{"embeddable":true,"href":"https:\/\/elexi.fr\/es\/wp-json\/wp\/v2\/users\/1"}],"replies":[{"embeddable":true,"href":"https:\/\/elexi.fr\/es\/wp-json\/wp\/v2\/comments?post=526"}],"version-history":[{"count":11,"href":"https:\/\/elexi.fr\/es\/wp-json\/wp\/v2\/posts\/526\/revisions"}],"predecessor-version":[{"id":1001,"href":"https:\/\/elexi.fr\/es\/wp-json\/wp\/v2\/posts\/526\/revisions\/1001"}],"wp:featuredmedia":[{"embeddable":true,"href":"https:\/\/elexi.fr\/es\/wp-json\/wp\/v2\/media\/538"}],"wp:attachment":[{"href":"https:\/\/elexi.fr\/es\/wp-json\/wp\/v2\/media?parent=526"}],"wp:term":[{"taxonomy":"category","embeddable":true,"href":"https:\/\/elexi.fr\/es\/wp-json\/wp\/v2\/categories?post=526"},{"taxonomy":"post_tag","embeddable":true,"href":"https:\/\/elexi.fr\/es\/wp-json\/wp\/v2\/tags?post=526"}],"curies":[{"name":"wp","href":"https:\/\/api.w.org\/{rel}","templated":true}]}}