{"id":526,"date":"2021-01-07T13:17:43","date_gmt":"2021-01-07T12:17:43","guid":{"rendered":"https:\/\/elexi.fr\/?p=526"},"modified":"2021-01-14T17:09:30","modified_gmt":"2021-01-14T16:09:30","slug":"transfert-paris","status":"publish","type":"post","link":"https:\/\/elexi.fr\/en\/car-service-paris\/","title":{"rendered":"Chauffeur priv\u00e9 \u00e0 Paris en Tesla"},"content":{"rendered":"<div class=\"wp-block-cover has-background-dim-20 has-background-dim has-background-dim-NaN\" style=\"background-image:url(https:\/\/elexi.fr\/wp-content\/uploads\/2020\/03\/paris-415476_1280.jpg);background-color:#e8cd80;min-height:527px;background-position:65% 100%\"><div class=\"wp-block-cover__inner-container\">\n<h1 class=\"has-text-align-center has-very-light-gray-color has-text-color\">Car service Paris in Tesla limo and sedans<\/h1>\n<\/div><\/div>\n\n\n\n<p class=\"has-text-align-center has-text-color has-small-font-size\" style=\"color:#777777\"><em>Average: 20 km and 30 minute drive<\/em><\/p>\n\n\n\n<p class=\"has-very-dark-gray-color has-text-color translation-block\"><br>You come to <strong>Paris<\/strong> and need a private driver who knows how to listen to you and is at your service? Elexi offers <strong>car service in Paris<\/strong> in Tesla vehicle, luxurious and silent, transfers with Elexi are incredibly comfortable. Our commitments are simple:<\/p>\n\n\n\n<ul><li>&gt; Service porte-\u00e0-porte haut-de-gamme de<strong> and to your addresses in Paris<\/strong><\/li><li>> Fixed price when you book<\/li><li>> Online or on board secured payment<\/li><li>> Same fare for outward and return journeys.<\/li><li>> VIP service with driver, suit and tie and discretion guaranteed<\/li><li>> Water bottles and other travel amenities on board<\/li><\/ul>\n\n\n\n<p class=\"has-text-align-center has-text-color\" style=\"color:#e8cd80\">&#8212;&#8212;&#8212;-<\/p>\n\n\n\n<blockquote class=\"wp-block-quote is-style-default\"><p>The comfort of the tesla model S is really impressive. 5-star service!<\/p><cite>Elodie, Director travelling to Paris in March 2020<\/cite><\/blockquote>\n\n\n\n<div class=\"wp-block-button aligncenter\"><a class=\"wp-block-button__link has-background\" href=\"https:\/\/elexi.fr\/en\/booking\/#vip\" style=\"border-radius:24px;background-color:#003f45\">Book a Saint-Emilion Day Trip or ask for a quote<\/a><\/div>\n\n\n\n<h2 class=\"has-text-color\" style=\"color:#003f45\"><br>How do we do car service in Paris or from Paris airports? <\/h2>\n\n\n\n<p class=\"has-text-align-center has-text-color\" style=\"color:#e8cd80\">&#8212;&#8212;&#8212;-<\/p>\n\n\n\n<p class=\"has-text-color has-medium-font-size translation-block\" style=\"color:#003f45\">Your <strong>Elexi private driver<\/strong><\/p>\n\n\n\n<p class=\" translation-block\">Elexi offers you a service of premium car service in Tesla <strong> to move in Paris downtown and region<\/strong> (outward and\/or return). Your private driver in Tesla Model X, Model S or Model 3 will welcome you with a sign (train station, airport or other). Then he will put your luggage in the car. Ask your private driver anything, we will answer your requests with pleasure.<\/p>\n\n\n\n<p class=\"has-text-align-center has-text-color\" style=\"color:#e8cd80\">&#8212;&#8212;&#8212;-<\/p>\n\n\n\n<p class=\"has-text-color has-medium-font-size translation-block\" style=\"color:#003f45\">The choice of vehicle from our fleet <strong> of Tesla for 2, 4 and 6 passengers & Mercedes Class V - 8 passengers <\/strong><\/p>\n\n\n\n<p class=\" translation-block\">With Elexi, you choose an experience at the top <strong> as soon as you arrive at the airport or at the <a href=\"https:\/\/www.garesetconnexions.sncf\/fr\/gare\/frpmo\/paris-montparnasse\" target=\"_self\">Paris station<\/a><\/strong>. A Tesla, a 100% electric saloon car and SUV, will be waiting for you at your arrival for a magical transfer in a futuristic and sleek vehicle. <The Tesla Model X<\/a> is probably the one you'll love the most, with its butterfly wings, you won't believe it! Guaranteed wow effect!<\/p>\n\n\n\n<p><\/p>\n\n\n\n<div class=\"wp-block-image\"><figure class=\"aligncenter size-large is-resized\"><img loading=\"lazy\" src=\"https:\/\/elexi.fr\/wp-content\/uploads\/2020\/03\/Arbre-2-1024x1024.png\" alt=\"\" class=\"wp-image-260\" width=\"89\" height=\"89\"\/><\/figure><\/div>\n\n\n\n<h2 class=\"has-text-align-center\">Car service in Paris in Tesla Model 3, S or Tesla Model X<\/h2>\n\n\n\n<div class=\"wp-block-button aligncenter\"><a class=\"wp-block-button__link has-background\" href=\"https:\/\/elexi.fr\/en\/booking\/#vip\" style=\"border-radius:24px;background-color:#003f45\">Simulate the price \/ Book it<\/a><\/div>\n\n\n\n<div style=\"height:62px\" aria-hidden=\"true\" class=\"wp-block-spacer\"><\/div>\n\n\n\n<div class=\"wp-block-image\"><figure class=\"aligncenter size-large is-resized\"><img loading=\"lazy\" src=\"https:\/\/elexi.fr\/wp-content\/uploads\/2020\/03\/Arbre-2-1024x1024.png\" alt=\"\" class=\"wp-image-260\" width=\"89\" height=\"89\"\/><\/figure><\/div>\n\n\n\n<div style=\"height:38px\" aria-hidden=\"true\" class=\"wp-block-spacer\"><\/div>\n\n\n\n<div class=\"wp-block-group\"><div class=\"wp-block-group__inner-container\">\n<h2 class=\"has-text-align-center\"><strong>Price for car service in Paris in Tesla limo<\/strong><\/h2>\n\n\n\n<p class=\"has-text-align-center translation-block\">Prices for <strong> transfers and car service in Paris <\/strong> depend directly on the time and type of vehicle requested, we advise you to make a simulation via the link above. <br><br>From 1 to 4 people: <strong> from 50 \u20ac<\/strong> <br> From 5 to 6 people: <strong> from 70 \u20ac <\/strong><br> For groups of more than 7 people: tailor-made estimate<br><\/p>\n\n\n\n<div class=\"wp-block-button aligncenter\"><a class=\"wp-block-button__link has-background\" href=\"https:\/\/elexi.fr\/en\/booking\/#vip\" style=\"border-radius:24px;background-color:#003f45\">Ask for a quote or book it<\/a><\/div>\n<\/div><\/div>\n\n\n\n<div style=\"height:62px\" aria-hidden=\"true\" class=\"wp-block-spacer\"><\/div>\n\n\n\n<div class=\"wp-block-group\"><div class=\"wp-block-group__inner-container\">\n<h3>Frequently Asked Questions for car service in Paris<\/h3>\n\n\n\n<div class=\"schema-faq wp-block-yoast-faq-block\"><div class=\"schema-faq-section\" id=\"faq-question-1584720644131\"><strong class=\"schema-faq-question\">How to book a transfer in Paris?<\/strong> <p class=\"schema-faq-answer\">Take advantage of a door-to-door service from Paris airports, train stations or wherever your need. Our service avoids stress and for more simplicity, a private driver will bring you in a top-of-the-range Tesla vehicle or a Mercedes van.<br\/>Book it directly via the link at the top of our website or here > <a href=\"https:\/\/elexi.fr\/en\/booking\/#vip\">booking<\/a> <\/p> <\/div> <div class=\"schema-faq-section\" id=\"faq-question-1584720667235\"><strong class=\"schema-faq-question\"><strong>Why is it good to get a private transfer in Paris?<\/strong><\/strong> <p class=\"schema-faq-answer\">Paris is 40 kilometers away from Paris or its airports, to get there you can take a bus or a train. However, you will need to change several times and that will take you a lot of time. A private taxi is preferable because it will allow you to be at your hotel very quickly. <\/p> <\/div> <div class=\"schema-faq-section\" id=\"faq-question-1584728960158\"><strong class=\"schema-faq-question\">Is it possible to book the round trip for a small group?<\/strong> <p class=\"schema-faq-answer\">Yes! <br\/>We offer transfers in a Tesla sedan, ideal for a couple or a family or a small group of people up to 6 passengers. We can, of course, offer other cars for groups of up to 8 or 10 people. <br\/>If you book the round trip you can enjoy a Tesla during both transfers.  <\/p> <\/div> <div class=\"schema-faq-section\" id=\"faq-question-1584875728177\"><strong class=\"schema-faq-question\">Is there a bus or a train in Paris city?<\/strong> <p class=\"schema-faq-answer\">Yes, but it is not the solution we recommend if you want comfort, flexibility, and service.<\/p> <\/div> <div class=\"schema-faq-section\" id=\"faq-question-1584876625997\"><strong class=\"schema-faq-question\">What is the best way to go around Paris?<\/strong> <p class=\"schema-faq-answer\">With a private driver in a Tesla sedan who drives you within Paris area (airports, train stations, and wherever). <\/p> <\/div> <div class=\"schema-faq-section\" id=\"faq-question-1584876162228\"><strong class=\"schema-faq-question\">Can we cancel the private transfers with Elexi in Paris area?<\/strong> <p class=\"schema-faq-answer\">Cancellation of transfers with Elexi is free up to 1 week before departure, otherwise, we keep 75% of the amount paid.  <\/p> <\/div> <\/div>\n<\/div><\/div>\n\n\n\n<div class=\"wp-block-group\"><div class=\"wp-block-group__inner-container\">\n<div style=\"height:75px\" aria-hidden=\"true\" class=\"wp-block-spacer\"><\/div>\n\n\n\n<div class=\"wp-block-button aligncenter\"><a class=\"wp-block-button__link has-background\" href=\"https:\/\/elexi.fr\/en\/booking\/#vip\" style=\"border-radius:24px;background-color:#003f45\">Ask for a personalized quote<\/a><\/div>\n\n\n\n<div style=\"height:119px\" aria-hidden=\"true\" class=\"wp-block-spacer\"><\/div>\n\n\n\n<p>Our other services to drive you all around France:<\/p>\n\n\n\n<ul><li class=\" translation-block\"><a href=\"https:\/\/elexi.fr\/chauffeur-taxi-vtc-gare-aeroport\/\" target=\"_self\">Taxi & standard drivers<\/a> in electric cars<\/li><li class=\" translation-block\">Private drivers for our <a href=\"https:\/\/elexi.fr\/car-service\/\" target=\"_self\">car service<\/a> in Tesla cars<\/li><li class=\" translation-block\">Other<a href=\"https:\/\/elexi.fr\/en\/wine-tour-car-service-france\/\" target=\"_self\">French destinations<\/a> for your journey in France<\/li><li class=\" translation-block\">Rent <a href=\"https:\/\/elexi.fr\/location-voiture-electrique-et-tesla\/\" target=\"_self\">electric cars and Tesla <\/a><\/li><\/ul>\n<\/div><\/div>\n\n\n\n<p><\/p>","protected":false},"excerpt":{"rendered":"<p>En moyenne 30 kilom\u00e8tres et 1 heure de route Vous venez \u00e0 Paris et avez besoin d&rsquo;un chauffeur priv\u00e9 sachant \u00eatre \u00e0 votre \u00e9coute et \u00e0 votre service ? Elexi propose les transferts \u00e0 Paris en v\u00e9hicule Tesla, luxueux et silencieux, les transferts avec Elexi sont d&rsquo;un confort incroyable. Nos engagements sont simples : &gt; &hellip;<\/p>\n<p class=\"read-more\"> <a class=\"\" href=\"https:\/\/elexi.fr\/en\/car-service-paris\/\"> <span class=\"screen-reader-text\">Chauffeur priv\u00e9 \u00e0 Paris en Tesla<\/span> Read More &raquo;<\/a><\/p>","protected":false},"author":1,"featured_media":538,"comment_status":"closed","ping_status":"closed","sticky":false,"template":"","format":"standard","meta":{"_monsterinsights_skip_tracking":false,"_monsterinsights_sitenote_active":false,"_monsterinsights_sitenote_note":"","_monsterinsights_sitenote_category":0},"categories":[5],"tags":[],"yoast_head":"<!-- This site is optimized with the Yoast SEO plugin v17.8 - https:\/\/yoast.com\/wordpress\/plugins\/seo\/ -->\n<title>\ud83d\ude97 Transfert en Tesla \u00e0 Paris - A\u00e9roports, Gares et \u00cele de France<\/title>\n<meta name=\"description\" content=\"D\u00e8s votre arriv\u00e9e \u00e0 Paris, prenez un transfert priv\u00e9 sur Paris pour une exp\u00e9rience sans faille et un confort \u00e0 la hauteur de votre voyage.\" \/>\n<meta name=\"robots\" content=\"index, follow, max-snippet:-1, max-image-preview:large, max-video-preview:-1\" \/>\n<link rel=\"canonical\" href=\"https:\/\/elexi.fr\/pt\/transfert-paris\/\" \/>\n<meta property=\"og:locale\" content=\"en_US\" \/>\n<meta property=\"og:type\" content=\"article\" \/>\n<meta property=\"og:title\" content=\"\ud83d\ude97 Transfert en Tesla \u00e0 Paris - A\u00e9roports, Gares et \u00cele de France\" \/>\n<meta property=\"og:description\" content=\"D\u00e8s votre arriv\u00e9e \u00e0 Paris, prenez un transfert priv\u00e9 sur Paris pour une exp\u00e9rience sans faille et un confort \u00e0 la hauteur de votre voyage.\" \/>\n<meta property=\"og:url\" content=\"https:\/\/elexi.fr\/pt\/transfert-paris\/\" \/>\n<meta property=\"og:site_name\" content=\"Elexi\" \/>\n<meta property=\"article:publisher\" content=\"https:\/\/www.facebook.com\/elexi.bdx\/\" \/>\n<meta property=\"article:published_time\" content=\"2021-01-07T12:17:43+00:00\" \/>\n<meta property=\"article:modified_time\" content=\"2021-01-14T16:09:30+00:00\" \/>\n<meta property=\"og:image\" content=\"https:\/\/elexi.fr\/wp-content\/uploads\/2020\/03\/paris-415476_1280.jpg\" \/>\n\t<meta property=\"og:image:width\" content=\"1280\" \/>\n\t<meta property=\"og:image:height\" content=\"853\" \/>\n<meta name=\"twitter:label1\" content=\"Written by\" \/>\n\t<meta name=\"twitter:data1\" content=\"admin4355\" \/>\n\t<meta name=\"twitter:label2\" content=\"Est. reading time\" \/>\n\t<meta name=\"twitter:data2\" content=\"3 minutes\" \/>\n<script type=\"application\/ld+json\" class=\"yoast-schema-graph\">{\"@context\":\"https:\/\/schema.org\",\"@graph\":[{\"@type\":\"Organization\",\"@id\":\"https:\/\/elexi.fr\/#organization\",\"name\":\"Elexi\",\"url\":\"https:\/\/elexi.fr\/\",\"sameAs\":[\"https:\/\/www.facebook.com\/elexi.bdx\/\",\"https:\/\/instagram.com\/elexi.travel.event\",\"https:\/\/www.linkedin.com\/company\/11209084\/\"],\"logo\":{\"@type\":\"ImageObject\",\"@id\":\"https:\/\/elexi.fr\/#logo\",\"inLanguage\":\"en-US\",\"url\":\"https:\/\/elexi.fr\/wp-content\/uploads\/2020\/02\/Elexi-blanc.png\",\"contentUrl\":\"https:\/\/elexi.fr\/wp-content\/uploads\/2020\/02\/Elexi-blanc.png\",\"width\":4213,\"height\":1538,\"caption\":\"Elexi\"},\"image\":{\"@id\":\"https:\/\/elexi.fr\/#logo\"}},{\"@type\":\"WebSite\",\"@id\":\"https:\/\/elexi.fr\/#website\",\"url\":\"https:\/\/elexi.fr\/\",\"name\":\"Elexi\",\"description\":\"Agences d&#039;\\u00e9co-mobilit\\u00e9\",\"publisher\":{\"@id\":\"https:\/\/elexi.fr\/#organization\"},\"potentialAction\":[{\"@type\":\"SearchAction\",\"target\":{\"@type\":\"EntryPoint\",\"urlTemplate\":\"https:\/\/elexi.fr\/?s={search_term_string}\"},\"query-input\":\"required name=search_term_string\"}],\"inLanguage\":\"en-US\"},{\"@type\":\"ImageObject\",\"@id\":\"https:\/\/elexi.fr\/pt\/transfert-paris\/#primaryimage\",\"inLanguage\":\"en-US\",\"url\":\"https:\/\/elexi.fr\/wp-content\/uploads\/2020\/03\/paris-415476_1280.jpg\",\"contentUrl\":\"https:\/\/elexi.fr\/wp-content\/uploads\/2020\/03\/paris-415476_1280.jpg\",\"width\":1280,\"height\":853,\"caption\":\"Transferts \\u00e0 Paris en Tesla\"},{\"@type\":[\"WebPage\",\"FAQPage\"],\"@id\":\"https:\/\/elexi.fr\/pt\/transfert-paris\/#webpage\",\"url\":\"https:\/\/elexi.fr\/pt\/transfert-paris\/\",\"name\":\"\\ud83d\\ude97 Transfert en Tesla \\u00e0 Paris - A\\u00e9roports, Gares et \\u00cele de France\",\"isPartOf\":{\"@id\":\"https:\/\/elexi.fr\/#website\"},\"primaryImageOfPage\":{\"@id\":\"https:\/\/elexi.fr\/pt\/transfert-paris\/#primaryimage\"},\"datePublished\":\"2021-01-07T12:17:43+00:00\",\"dateModified\":\"2021-01-14T16:09:30+00:00\",\"description\":\"D\\u00e8s votre arriv\\u00e9e \\u00e0 Paris, prenez un transfert priv\\u00e9 sur Paris pour une exp\\u00e9rience sans faille et un confort \\u00e0 la hauteur de votre voyage.\",\"breadcrumb\":{\"@id\":\"https:\/\/elexi.fr\/pt\/transfert-paris\/#breadcrumb\"},\"mainEntity\":[{\"@id\":\"https:\/\/elexi.fr\/pt\/transfert-paris\/#faq-question-1584720644131\"},{\"@id\":\"https:\/\/elexi.fr\/pt\/transfert-paris\/#faq-question-1584720667235\"},{\"@id\":\"https:\/\/elexi.fr\/pt\/transfert-paris\/#faq-question-1584728960158\"},{\"@id\":\"https:\/\/elexi.fr\/pt\/transfert-paris\/#faq-question-1584875728177\"},{\"@id\":\"https:\/\/elexi.fr\/pt\/transfert-paris\/#faq-question-1584876625997\"},{\"@id\":\"https:\/\/elexi.fr\/pt\/transfert-paris\/#faq-question-1584876162228\"}],\"inLanguage\":\"en-US\",\"potentialAction\":[{\"@type\":\"ReadAction\",\"target\":[\"https:\/\/elexi.fr\/pt\/transfert-paris\/\"]}]},{\"@type\":\"BreadcrumbList\",\"@id\":\"https:\/\/elexi.fr\/pt\/transfert-paris\/#breadcrumb\",\"itemListElement\":[{\"@type\":\"ListItem\",\"position\":1,\"name\":\"Accueil\",\"item\":\"https:\/\/elexi.fr\/\"},{\"@type\":\"ListItem\",\"position\":2,\"name\":\"Chauffeur priv\\u00e9 \\u00e0 Paris en Tesla\"}]},{\"@type\":\"Article\",\"@id\":\"https:\/\/elexi.fr\/pt\/transfert-paris\/#article\",\"isPartOf\":{\"@id\":\"https:\/\/elexi.fr\/pt\/transfert-paris\/#webpage\"},\"author\":{\"@id\":\"https:\/\/elexi.fr\/#\/schema\/person\/c0480c09b25541db4d3933e525aa0c71\"},\"headline\":\"Chauffeur priv\\u00e9 \\u00e0 Paris en Tesla\",\"datePublished\":\"2021-01-07T12:17:43+00:00\",\"dateModified\":\"2021-01-14T16:09:30+00:00\",\"mainEntityOfPage\":{\"@id\":\"https:\/\/elexi.fr\/pt\/transfert-paris\/#webpage\"},\"wordCount\":690,\"publisher\":{\"@id\":\"https:\/\/elexi.fr\/#organization\"},\"image\":{\"@id\":\"https:\/\/elexi.fr\/pt\/transfert-paris\/#primaryimage\"},\"thumbnailUrl\":\"https:\/\/elexi.fr\/wp-content\/uploads\/2020\/03\/paris-415476_1280.jpg\",\"articleSection\":[\"Elexi Driver\"],\"inLanguage\":\"en-US\"},{\"@type\":\"Person\",\"@id\":\"https:\/\/elexi.fr\/#\/schema\/person\/c0480c09b25541db4d3933e525aa0c71\",\"name\":\"admin4355\",\"image\":{\"@type\":\"ImageObject\",\"@id\":\"https:\/\/elexi.fr\/#personlogo\",\"inLanguage\":\"en-US\",\"url\":\"https:\/\/secure.gravatar.com\/avatar\/f7342e204cfef93b93cff94a9fcabe9a?s=96&d=mm&r=g\",\"contentUrl\":\"https:\/\/secure.gravatar.com\/avatar\/f7342e204cfef93b93cff94a9fcabe9a?s=96&d=mm&r=g\",\"caption\":\"admin4355\"}},{\"@type\":\"Question\",\"@id\":\"https:\/\/elexi.fr\/pt\/transfert-paris\/#faq-question-1584720644131\",\"position\":1,\"url\":\"https:\/\/elexi.fr\/pt\/transfert-paris\/#faq-question-1584720644131\",\"name\":\"How to book a transfer in Paris?\",\"answerCount\":1,\"acceptedAnswer\":{\"@type\":\"Answer\",\"text\":\"Take advantage of a door-to-door service from Paris airports, train stations or wherever your need. Our service avoids stress and for more simplicity, a private driver will bring you in a top-of-the-range Tesla vehicle or a Mercedes van.<br\/>Book it directly via the link at the top of our website or here > <a href=\\\"https:\/\/elexi.fr\/booking\/#vip\\\">booking<\/a> \",\"inLanguage\":\"en-US\"},\"inLanguage\":\"en-US\"},{\"@type\":\"Question\",\"@id\":\"https:\/\/elexi.fr\/pt\/transfert-paris\/#faq-question-1584720667235\",\"position\":2,\"url\":\"https:\/\/elexi.fr\/pt\/transfert-paris\/#faq-question-1584720667235\",\"name\":\"Why is it good to get a private transfer in Paris?\",\"answerCount\":1,\"acceptedAnswer\":{\"@type\":\"Answer\",\"text\":\"Paris is 40 kilometers away from Paris or its airports, to get there you can take a bus or a train. However, you will need to change several times and that will take you a lot of time. A private taxi is preferable because it will allow you to be at your hotel very quickly. \",\"inLanguage\":\"en-US\"},\"inLanguage\":\"en-US\"},{\"@type\":\"Question\",\"@id\":\"https:\/\/elexi.fr\/pt\/transfert-paris\/#faq-question-1584728960158\",\"position\":3,\"url\":\"https:\/\/elexi.fr\/pt\/transfert-paris\/#faq-question-1584728960158\",\"name\":\"Is it possible to book the round trip for a small group?\",\"answerCount\":1,\"acceptedAnswer\":{\"@type\":\"Answer\",\"text\":\"Yes! u003cbr\/u003eWe offer transfers in a Tesla sedan, ideal for a couple or a family or a small group of people up to 6 passengers. We can, of course, offer other cars for groups of up to 8 or 10 people. u003cbr\/u003eIf you book the round trip you can enjoy a Tesla during both transfers.  \",\"inLanguage\":\"en-US\"},\"inLanguage\":\"en-US\"},{\"@type\":\"Question\",\"@id\":\"https:\/\/elexi.fr\/pt\/transfert-paris\/#faq-question-1584875728177\",\"position\":4,\"url\":\"https:\/\/elexi.fr\/pt\/transfert-paris\/#faq-question-1584875728177\",\"name\":\"Is there a bus or a train in Paris city?\",\"answerCount\":1,\"acceptedAnswer\":{\"@type\":\"Answer\",\"text\":\"Yes, but it is not the solution we recommend if you want comfort, flexibility, and service.\",\"inLanguage\":\"en-US\"},\"inLanguage\":\"en-US\"},{\"@type\":\"Question\",\"@id\":\"https:\/\/elexi.fr\/pt\/transfert-paris\/#faq-question-1584876625997\",\"position\":5,\"url\":\"https:\/\/elexi.fr\/pt\/transfert-paris\/#faq-question-1584876625997\",\"name\":\"What is the best way to go around Paris?\",\"answerCount\":1,\"acceptedAnswer\":{\"@type\":\"Answer\",\"text\":\"With a private driver in a Tesla sedan who drives you within Paris area (airports, train stations, and wherever). \",\"inLanguage\":\"en-US\"},\"inLanguage\":\"en-US\"},{\"@type\":\"Question\",\"@id\":\"https:\/\/elexi.fr\/pt\/transfert-paris\/#faq-question-1584876162228\",\"position\":6,\"url\":\"https:\/\/elexi.fr\/pt\/transfert-paris\/#faq-question-1584876162228\",\"name\":\"Can we cancel the private transfers with Elexi in Paris area?\",\"answerCount\":1,\"acceptedAnswer\":{\"@type\":\"Answer\",\"text\":\"Cancellation of transfers with Elexi is free up to 1 week before departure, otherwise, we keep 75% of the amount paid.  \",\"inLanguage\":\"en-US\"},\"inLanguage\":\"en-US\"}]}<\/script>\n<!-- \/ Yoast SEO plugin. -->","yoast_head_json":{"title":"\ud83d\ude97 Transfert en Tesla \u00e0 Paris - A\u00e9roports, Gares et \u00cele de France","description":"D\u00e8s votre arriv\u00e9e \u00e0 Paris, prenez un transfert priv\u00e9 sur Paris pour une exp\u00e9rience sans faille et un confort \u00e0 la hauteur de votre voyage.","robots":{"index":"index","follow":"follow","max-snippet":"max-snippet:-1","max-image-preview":"max-image-preview:large","max-video-preview":"max-video-preview:-1"},"canonical":"https:\/\/elexi.fr\/pt\/transfert-paris\/","og_locale":"en_US","og_type":"article","og_title":"\ud83d\ude97 Transfert en Tesla \u00e0 Paris - A\u00e9roports, Gares et \u00cele de France","og_description":"D\u00e8s votre arriv\u00e9e \u00e0 Paris, prenez un transfert priv\u00e9 sur Paris pour une exp\u00e9rience sans faille et un confort \u00e0 la hauteur de votre voyage.","og_url":"https:\/\/elexi.fr\/pt\/transfert-paris\/","og_site_name":"Elexi","article_publisher":"https:\/\/www.facebook.com\/elexi.bdx\/","article_published_time":"2021-01-07T12:17:43+00:00","article_modified_time":"2021-01-14T16:09:30+00:00","og_image":[{"width":1280,"height":853,"url":"https:\/\/elexi.fr\/wp-content\/uploads\/2020\/03\/paris-415476_1280.jpg","type":"image\/jpeg"}],"twitter_misc":{"Written by":"admin4355","Est. reading time":"3 minutes"},"schema":{"@context":"https:\/\/schema.org","@graph":[{"@type":"Organization","@id":"https:\/\/elexi.fr\/#organization","name":"Elexi","url":"https:\/\/elexi.fr\/","sameAs":["https:\/\/www.facebook.com\/elexi.bdx\/","https:\/\/instagram.com\/elexi.travel.event","https:\/\/www.linkedin.com\/company\/11209084\/"],"logo":{"@type":"ImageObject","@id":"https:\/\/elexi.fr\/#logo","inLanguage":"en-US","url":"https:\/\/elexi.fr\/wp-content\/uploads\/2020\/02\/Elexi-blanc.png","contentUrl":"https:\/\/elexi.fr\/wp-content\/uploads\/2020\/02\/Elexi-blanc.png","width":4213,"height":1538,"caption":"Elexi"},"image":{"@id":"https:\/\/elexi.fr\/#logo"}},{"@type":"WebSite","@id":"https:\/\/elexi.fr\/#website","url":"https:\/\/elexi.fr\/","name":"Elexi","description":"Agences d&#039;\u00e9co-mobilit\u00e9","publisher":{"@id":"https:\/\/elexi.fr\/#organization"},"potentialAction":[{"@type":"SearchAction","target":{"@type":"EntryPoint","urlTemplate":"https:\/\/elexi.fr\/?s={search_term_string}"},"query-input":"required name=search_term_string"}],"inLanguage":"en-US"},{"@type":"ImageObject","@id":"https:\/\/elexi.fr\/pt\/transfert-paris\/#primaryimage","inLanguage":"en-US","url":"https:\/\/elexi.fr\/wp-content\/uploads\/2020\/03\/paris-415476_1280.jpg","contentUrl":"https:\/\/elexi.fr\/wp-content\/uploads\/2020\/03\/paris-415476_1280.jpg","width":1280,"height":853,"caption":"Transferts \u00e0 Paris en Tesla"},{"@type":["WebPage","FAQPage"],"@id":"https:\/\/elexi.fr\/pt\/transfert-paris\/#webpage","url":"https:\/\/elexi.fr\/pt\/transfert-paris\/","name":"\ud83d\ude97 Transfert en Tesla \u00e0 Paris - A\u00e9roports, Gares et \u00cele de France","isPartOf":{"@id":"https:\/\/elexi.fr\/#website"},"primaryImageOfPage":{"@id":"https:\/\/elexi.fr\/pt\/transfert-paris\/#primaryimage"},"datePublished":"2021-01-07T12:17:43+00:00","dateModified":"2021-01-14T16:09:30+00:00","description":"D\u00e8s votre arriv\u00e9e \u00e0 Paris, prenez un transfert priv\u00e9 sur Paris pour une exp\u00e9rience sans faille et un confort \u00e0 la hauteur de votre voyage.","breadcrumb":{"@id":"https:\/\/elexi.fr\/pt\/transfert-paris\/#breadcrumb"},"mainEntity":[{"@id":"https:\/\/elexi.fr\/pt\/transfert-paris\/#faq-question-1584720644131"},{"@id":"https:\/\/elexi.fr\/pt\/transfert-paris\/#faq-question-1584720667235"},{"@id":"https:\/\/elexi.fr\/pt\/transfert-paris\/#faq-question-1584728960158"},{"@id":"https:\/\/elexi.fr\/pt\/transfert-paris\/#faq-question-1584875728177"},{"@id":"https:\/\/elexi.fr\/pt\/transfert-paris\/#faq-question-1584876625997"},{"@id":"https:\/\/elexi.fr\/pt\/transfert-paris\/#faq-question-1584876162228"}],"inLanguage":"en-US","potentialAction":[{"@type":"ReadAction","target":["https:\/\/elexi.fr\/pt\/transfert-paris\/"]}]},{"@type":"BreadcrumbList","@id":"https:\/\/elexi.fr\/pt\/transfert-paris\/#breadcrumb","itemListElement":[{"@type":"ListItem","position":1,"name":"Accueil","item":"https:\/\/elexi.fr\/"},{"@type":"ListItem","position":2,"name":"Chauffeur priv\u00e9 \u00e0 Paris en Tesla"}]},{"@type":"Article","@id":"https:\/\/elexi.fr\/pt\/transfert-paris\/#article","isPartOf":{"@id":"https:\/\/elexi.fr\/pt\/transfert-paris\/#webpage"},"author":{"@id":"https:\/\/elexi.fr\/#\/schema\/person\/c0480c09b25541db4d3933e525aa0c71"},"headline":"Chauffeur priv\u00e9 \u00e0 Paris en Tesla","datePublished":"2021-01-07T12:17:43+00:00","dateModified":"2021-01-14T16:09:30+00:00","mainEntityOfPage":{"@id":"https:\/\/elexi.fr\/pt\/transfert-paris\/#webpage"},"wordCount":690,"publisher":{"@id":"https:\/\/elexi.fr\/#organization"},"image":{"@id":"https:\/\/elexi.fr\/pt\/transfert-paris\/#primaryimage"},"thumbnailUrl":"https:\/\/elexi.fr\/wp-content\/uploads\/2020\/03\/paris-415476_1280.jpg","articleSection":["Elexi Driver"],"inLanguage":"en-US"},{"@type":"Person","@id":"https:\/\/elexi.fr\/#\/schema\/person\/c0480c09b25541db4d3933e525aa0c71","name":"admin4355","image":{"@type":"ImageObject","@id":"https:\/\/elexi.fr\/#personlogo","inLanguage":"en-US","url":"https:\/\/secure.gravatar.com\/avatar\/f7342e204cfef93b93cff94a9fcabe9a?s=96&d=mm&r=g","contentUrl":"https:\/\/secure.gravatar.com\/avatar\/f7342e204cfef93b93cff94a9fcabe9a?s=96&d=mm&r=g","caption":"admin4355"}},{"@type":"Question","@id":"https:\/\/elexi.fr\/pt\/transfert-paris\/#faq-question-1584720644131","position":1,"url":"https:\/\/elexi.fr\/pt\/transfert-paris\/#faq-question-1584720644131","name":"How to book a transfer in Paris?","answerCount":1,"acceptedAnswer":{"@type":"Answer","text":"Take advantage of a door-to-door service from Paris airports, train stations or wherever your need. Our service avoids stress and for more simplicity, a private driver will bring you in a top-of-the-range Tesla vehicle or a Mercedes van.<br\/>Book it directly via the link at the top of our website or here > <a href=\"https:\/\/elexi.fr\/booking\/#vip\">booking<\/a> ","inLanguage":"en-US"},"inLanguage":"en-US"},{"@type":"Question","@id":"https:\/\/elexi.fr\/pt\/transfert-paris\/#faq-question-1584720667235","position":2,"url":"https:\/\/elexi.fr\/pt\/transfert-paris\/#faq-question-1584720667235","name":"Why is it good to get a private transfer in Paris?","answerCount":1,"acceptedAnswer":{"@type":"Answer","text":"Paris is 40 kilometers away from Paris or its airports, to get there you can take a bus or a train. However, you will need to change several times and that will take you a lot of time. A private taxi is preferable because it will allow you to be at your hotel very quickly. ","inLanguage":"en-US"},"inLanguage":"en-US"},{"@type":"Question","@id":"https:\/\/elexi.fr\/pt\/transfert-paris\/#faq-question-1584728960158","position":3,"url":"https:\/\/elexi.fr\/pt\/transfert-paris\/#faq-question-1584728960158","name":"Is it possible to book the round trip for a small group?","answerCount":1,"acceptedAnswer":{"@type":"Answer","text":"Yes! u003cbr\/u003eWe offer transfers in a Tesla sedan, ideal for a couple or a family or a small group of people up to 6 passengers. We can, of course, offer other cars for groups of up to 8 or 10 people. u003cbr\/u003eIf you book the round trip you can enjoy a Tesla during both transfers.  ","inLanguage":"en-US"},"inLanguage":"en-US"},{"@type":"Question","@id":"https:\/\/elexi.fr\/pt\/transfert-paris\/#faq-question-1584875728177","position":4,"url":"https:\/\/elexi.fr\/pt\/transfert-paris\/#faq-question-1584875728177","name":"Is there a bus or a train in Paris city?","answerCount":1,"acceptedAnswer":{"@type":"Answer","text":"Yes, but it is not the solution we recommend if you want comfort, flexibility, and service.","inLanguage":"en-US"},"inLanguage":"en-US"},{"@type":"Question","@id":"https:\/\/elexi.fr\/pt\/transfert-paris\/#faq-question-1584876625997","position":5,"url":"https:\/\/elexi.fr\/pt\/transfert-paris\/#faq-question-1584876625997","name":"What is the best way to go around Paris?","answerCount":1,"acceptedAnswer":{"@type":"Answer","text":"With a private driver in a Tesla sedan who drives you within Paris area (airports, train stations, and wherever). ","inLanguage":"en-US"},"inLanguage":"en-US"},{"@type":"Question","@id":"https:\/\/elexi.fr\/pt\/transfert-paris\/#faq-question-1584876162228","position":6,"url":"https:\/\/elexi.fr\/pt\/transfert-paris\/#faq-question-1584876162228","name":"Can we cancel the private transfers with Elexi in Paris area?","answerCount":1,"acceptedAnswer":{"@type":"Answer","text":"Cancellation of transfers with Elexi is free up to 1 week before departure, otherwise, we keep 75% of the amount paid.  ","inLanguage":"en-US"},"inLanguage":"en-US"}]}},"_links":{"self":[{"href":"https:\/\/elexi.fr\/en\/wp-json\/wp\/v2\/posts\/526"}],"collection":[{"href":"https:\/\/elexi.fr\/en\/wp-json\/wp\/v2\/posts"}],"about":[{"href":"https:\/\/elexi.fr\/en\/wp-json\/wp\/v2\/types\/post"}],"author":[{"embeddable":true,"href":"https:\/\/elexi.fr\/en\/wp-json\/wp\/v2\/users\/1"}],"replies":[{"embeddable":true,"href":"https:\/\/elexi.fr\/en\/wp-json\/wp\/v2\/comments?post=526"}],"version-history":[{"count":11,"href":"https:\/\/elexi.fr\/en\/wp-json\/wp\/v2\/posts\/526\/revisions"}],"predecessor-version":[{"id":1001,"href":"https:\/\/elexi.fr\/en\/wp-json\/wp\/v2\/posts\/526\/revisions\/1001"}],"wp:featuredmedia":[{"embeddable":true,"href":"https:\/\/elexi.fr\/en\/wp-json\/wp\/v2\/media\/538"}],"wp:attachment":[{"href":"https:\/\/elexi.fr\/en\/wp-json\/wp\/v2\/media?parent=526"}],"wp:term":[{"taxonomy":"category","embeddable":true,"href":"https:\/\/elexi.fr\/en\/wp-json\/wp\/v2\/categories?post=526"},{"taxonomy":"post_tag","embeddable":true,"href":"https:\/\/elexi.fr\/en\/wp-json\/wp\/v2\/tags?post=526"}],"curies":[{"name":"wp","href":"https:\/\/api.w.org\/{rel}","templated":true}]}}